{"id":55903,"date":"2025-10-17T08:42:48","date_gmt":"2025-10-17T12:42:48","guid":{"rendered":"https:\/\/www.radiosanctispiritus.cu\/es\/?p=55903"},"modified":"2025-10-17T08:44:07","modified_gmt":"2025-10-17T12:44:07","slug":"silvio-rodriguez-en-uruguay-se-reunio-con-lucia-topolansky","status":"publish","type":"post","link":"https:\/\/www.radiosanctispiritus.cu\/es\/silvio-rodriguez-en-uruguay-se-reunio-con-lucia-topolansky\/","title":{"rendered":"Silvio Rodr\u00edguez en Uruguay; se reuni\u00f3 con Luc\u00eda Topolansky"},"content":{"rendered":"<p>El cantautor cubano Silvio Rodr\u00edguez visit\u00f3 a la expresidenta Luc\u00eda Topolansky, viuda del expresidente Jos\u00e9 Mujica, en v\u00edsperas de su primer concierto en esta capital.<\/p>\n<p>Fundador del Movimiento cubano de la Nueva Trova, Silvio confiesa ser admirador de Mujica, a quien dedic\u00f3 meses antes de su muerte la canci\u00f3n titulada \u201cM\u00e1s porvenir\u201d.<\/p>\n<p>Fue como parte de un proyecto lanzado por el argentino Le\u00f3n Gieco denominado \u201cUna canci\u00f3n para Pepe\u201d.<\/p>\n<p>\u00abQuerido Pepe, este es mi saludo desde Cuba para ti y para Luc\u00eda, estos versos los compuse en 2009, cuando te escuch\u00e9 decir algunas cosas, y hace unos d\u00edas los termin\u00e9, motivado por el llamamiento de nuestro querido Le\u00f3n Gieco. Un abrazo infinito\u00bb.<\/p>\n<blockquote class=\"twitter-tweet\" data-media-max-width=\"560\">\n<p dir=\"ltr\" lang=\"es\">Luc\u00eda recibi\u00f3 a Silvio Rodr\u00edguez en la chacra \u201cLa vida fue pasado, pero es m\u00e1s porvenir\u201d \u2764\ufe0f <a href=\"https:\/\/t.co\/brqLWSJqxF\" target=\"_blank\" rel=\"noopener noreferrer nofollow\">pic.twitter.com\/brqLWSJqxF<\/a><\/p>\n<p>\u2014 MPP 609 (@MPP609) <a href=\"https:\/\/twitter.com\/MPP609\/status\/1978898378307076276?ref_src=twsrc%5Etfw\" target=\"_blank\" rel=\"noopener noreferrer nofollow\">October 16, 2025<\/a><\/p><\/blockquote>\n<p><script async src=\"https:\/\/platform.twitter.com\/widgets.js\" charset=\"utf-8\"><\/script><\/p>\n<p>As\u00ed dijo entonces el trovador cubano en un video.<\/p>\n<p>Luc\u00eda comparti\u00f3 con Silvio en la cocina de la vivienda donde vivi\u00f3 por a\u00f1os con Mujica en la chacra de Rinc\u00f3n del Cerro, una zona rural al oeste de esta capital.<\/p>\n<p>As\u00ed lo muestra una foto compartida en la cuenta de Instagram de Javier \u00abEl Turco\u00bb Dinardi, colaborador de la pareja presidencial.<\/p>\n<p>El artista cubano tendr\u00e1 ma\u00f1ana en el auditorio Antel Arena su primer concierto en esta capital, adonde regresa luego de 12 a\u00f1os.<\/p>\n<p>Otro encuentro con el p\u00fablico uruguayo ser\u00e1 el s\u00e1bado 18, en el mismo escenario. Antes ofreci\u00f3 conciertos en Santiago de Chile y Buenos Aires. La gira incluir\u00e1 a Per\u00fa y Colombia.<\/p>\n<p><em><strong>Tomado de <a href=\"https:\/\/www.cubasi.cu\/es\/noticia\/silvio-rodriguez-en-uruguay-se-reunio-con-lucia-topolansky\" target=\"_blank\" rel=\"noopener noreferrer nofollow\">Cuba S\u00ed<\/a><\/strong><\/em><\/p>\n","protected":false},"excerpt":{"rendered":"<p>El cantautor cubano Silvio Rodr\u00edguez visit\u00f3 a la expresidenta Luc\u00eda Topolansky, viuda del expresidente Jos\u00e9 Mujica, en v\u00edsperas de su primer concierto en esta capital.<\/p>\n","protected":false},"author":4,"featured_media":55906,"comment_status":"open","ping_status":"open","sticky":false,"template":"","format":"standard","meta":{"_acf_changed":false,"footnotes":""},"categories":[8,6,4],"tags":[952],"coauthors":[1883],"class_list":["post-55903","post","type-post","status-publish","format-standard","has-post-thumbnail","hentry","category-noticia","category-cultura","category-internacionales","tag-silvio-rodriguez"],"acf":[],"_links":{"self":[{"href":"https:\/\/www.radiosanctispiritus.cu\/es\/wp-json\/wp\/v2\/posts\/55903","targetHints":{"allow":["GET"]}}],"collection":[{"href":"https:\/\/www.radiosanctispiritus.cu\/es\/wp-json\/wp\/v2\/posts"}],"about":[{"href":"https:\/\/www.radiosanctispiritus.cu\/es\/wp-json\/wp\/v2\/types\/post"}],"author":[{"embeddable":true,"href":"https:\/\/www.radiosanctispiritus.cu\/es\/wp-json\/wp\/v2\/users\/4"}],"replies":[{"embeddable":true,"href":"https:\/\/www.radiosanctispiritus.cu\/es\/wp-json\/wp\/v2\/comments?post=55903"}],"version-history":[{"count":3,"href":"https:\/\/www.radiosanctispiritus.cu\/es\/wp-json\/wp\/v2\/posts\/55903\/revisions"}],"predecessor-version":[{"id":55909,"href":"https:\/\/www.radiosanctispiritus.cu\/es\/wp-json\/wp\/v2\/posts\/55903\/revisions\/55909"}],"wp:featuredmedia":[{"embeddable":true,"href":"https:\/\/www.radiosanctispiritus.cu\/es\/wp-json\/wp\/v2\/media\/55906"}],"wp:attachment":[{"href":"https:\/\/www.radiosanctispiritus.cu\/es\/wp-json\/wp\/v2\/media?parent=55903"}],"wp:term":[{"taxonomy":"category","embeddable":true,"href":"https:\/\/www.radiosanctispiritus.cu\/es\/wp-json\/wp\/v2\/categories?post=55903"},{"taxonomy":"post_tag","embeddable":true,"href":"https:\/\/www.radiosanctispiritus.cu\/es\/wp-json\/wp\/v2\/tags?post=55903"},{"taxonomy":"author","embeddable":true,"href":"https:\/\/www.radiosanctispiritus.cu\/es\/wp-json\/wp\/v2\/coauthors?post=55903"}],"curies":[{"name":"wp","href":"https:\/\/api.w.org\/{rel}","templated":true}]}}