{"id":55883,"date":"2025-10-17T05:11:50","date_gmt":"2025-10-17T09:11:50","guid":{"rendered":"https:\/\/www.radiosanctispiritus.cu\/es\/?p=55883"},"modified":"2025-10-17T11:12:06","modified_gmt":"2025-10-17T15:12:06","slug":"el-hombre-que-atrapa-el-viento-en-madera-fotos","status":"publish","type":"post","link":"https:\/\/www.radiosanctispiritus.cu\/es\/el-hombre-que-atrapa-el-viento-en-madera-fotos\/","title":{"rendered":"El hombre que atrapa el viento en madera (+ fotos y video)"},"content":{"rendered":"<p>En Trinidad, donde las manos de los artesanos todav\u00eda dialogan con la historia, un hombre ha encontrado su manera de desafiar el tiempo: construir abanicos como casi nadie en el mundo. Los hace a mano, pieza a pieza, con la paciencia de un monje y la terquedad de quien se niega a dejar morir un arte milenario.<\/p>\n<p><iframe width=\"560\" height=\"315\" src=\"https:\/\/www.youtube.com\/embed\/Frxy-0cCaEs?si=CjEbQKomvt7c5YIs\" title=\"YouTube video player\" frameborder=\"0\" allow=\"accelerometer; autoplay; clipboard-write; encrypted-media; gyroscope; picture-in-picture; web-share\" referrerpolicy=\"strict-origin-when-cross-origin\" allowfullscreen><\/iframe><\/p>\n<p>Algunos de esos abanicos \u2014gigantescos, de casi tres metros\u2014 hoy sorprenden a los visitantes en el lobby del hotel Meli\u00e1 Trinidad Pen\u00ednsula; otros descansan en colecciones privadas o en su propia casa-taller, en la calle Cristo, a solo unos pasos de la Plaza Mayor. Pero todos llevan la firma de Jos\u00e9 Miguel Rodr\u00edguez Cadalso, un trinitario que convirti\u00f3 la madera en viento y el oficio en destino.<\/p>\n<p>GIGANTES DE MADERA<\/p>\n<div id=\"attachment_55888\" style=\"width: 610px\" class=\"wp-caption aligncenter\"><img decoding=\"async\" aria-describedby=\"caption-attachment-55888\" class=\"size-medium wp-image-55888\" src=\"https:\/\/www.radiosanctispiritus.cu\/es\/wp-content\/uploads\/En-el-centro-de-la-sala-de-su-casa-se-abre-un-abanico-de-2.97-metros.-Foto-Yosdany-Morejon-Copy-600x276.jpg\" alt=\"\" width=\"600\" height=\"276\" srcset=\"https:\/\/www.radiosanctispiritus.cu\/es\/wp-content\/uploads\/En-el-centro-de-la-sala-de-su-casa-se-abre-un-abanico-de-2.97-metros.-Foto-Yosdany-Morejon-Copy-600x276.jpg 600w, https:\/\/www.radiosanctispiritus.cu\/es\/wp-content\/uploads\/En-el-centro-de-la-sala-de-su-casa-se-abre-un-abanico-de-2.97-metros.-Foto-Yosdany-Morejon-Copy-1024x471.jpg 1024w, https:\/\/www.radiosanctispiritus.cu\/es\/wp-content\/uploads\/En-el-centro-de-la-sala-de-su-casa-se-abre-un-abanico-de-2.97-metros.-Foto-Yosdany-Morejon-Copy-768x353.jpg 768w, https:\/\/www.radiosanctispiritus.cu\/es\/wp-content\/uploads\/En-el-centro-de-la-sala-de-su-casa-se-abre-un-abanico-de-2.97-metros.-Foto-Yosdany-Morejon-Copy-1536x707.jpg 1536w, https:\/\/www.radiosanctispiritus.cu\/es\/wp-content\/uploads\/En-el-centro-de-la-sala-de-su-casa-se-abre-un-abanico-de-2.97-metros.-Foto-Yosdany-Morejon-Copy-2048x942.jpg 2048w\" sizes=\"(max-width: 600px) 100vw, 600px\" \/><p id=\"caption-attachment-55888\" class=\"wp-caption-text\">En el centro de la sala de su casa se abre un abanico de 2.97 metros. Foto Yosdany Morej\u00f3n.<\/p><\/div>\n<p>En el centro de su sala se abre un abanico de 2.97 metros. Jos\u00e9 lo muestra con la serenidad de quien sabe que lo imposible se alcanza a fuerza de terquedad. Cada varilla fue tallada a mano, con herramientas rudimentarias, a lo largo de 26 meses y dos semanas.<\/p>\n<p>\u201cNo trabaj\u00e9 todos los d\u00edas \u2014aclara\u2014, pero s\u00ed al menos una hora diaria. Me tom\u00f3 tanto tiempo porque todo est\u00e1 hecho a mano, sin m\u00e1quinas, sin moldes. Imag\u00ednese pulir cada varilla con papel de lija, repasar el calado, volver a lijar. Es un proceso repetitivo, pero tambi\u00e9n es lo que le da vida a la pieza\u201d.<\/p>\n<p>Lo narra como un ritual: barrenar, calar, cerrar, lijar. Repetir, otra vez. \u201cSi uno se desespera, no lo termina. He tenido que soltar la herramienta, darme un respiro, y al otro d\u00eda volver a empezar con calma. Esto no se hace con apuro porque se rompe, se quiebra, se pierde el trabajo de meses\u201d.<\/p>\n<p>Y tambi\u00e9n se pierde el alma. \u201cMe ha pasado de terminar un abanico y que se me caiga de las manos. Es un dolor en el alma, ni el pegamento cubre esa herida. Usted se siente vac\u00edo, como si se le hubiera roto una parte de s\u00ed mismo\u201d.<\/p>\n<p>TRINIDAD EN CADA VARILLA<\/p>\n<div id=\"attachment_55889\" style=\"width: 610px\" class=\"wp-caption aligncenter\"><img decoding=\"async\" aria-describedby=\"caption-attachment-55889\" class=\"size-medium wp-image-55889\" src=\"https:\/\/www.radiosanctispiritus.cu\/es\/wp-content\/uploads\/Su-Taller-Galeria-Neoclasico-rompe-la-logica-colonial-del-entorno-en-Trinidad.-Foto-Yosdany-Morejon-Copy-600x276.jpg\" alt=\"\" width=\"600\" height=\"276\" srcset=\"https:\/\/www.radiosanctispiritus.cu\/es\/wp-content\/uploads\/Su-Taller-Galeria-Neoclasico-rompe-la-logica-colonial-del-entorno-en-Trinidad.-Foto-Yosdany-Morejon-Copy-600x276.jpg 600w, https:\/\/www.radiosanctispiritus.cu\/es\/wp-content\/uploads\/Su-Taller-Galeria-Neoclasico-rompe-la-logica-colonial-del-entorno-en-Trinidad.-Foto-Yosdany-Morejon-Copy-1024x471.jpg 1024w, https:\/\/www.radiosanctispiritus.cu\/es\/wp-content\/uploads\/Su-Taller-Galeria-Neoclasico-rompe-la-logica-colonial-del-entorno-en-Trinidad.-Foto-Yosdany-Morejon-Copy-768x353.jpg 768w, https:\/\/www.radiosanctispiritus.cu\/es\/wp-content\/uploads\/Su-Taller-Galeria-Neoclasico-rompe-la-logica-colonial-del-entorno-en-Trinidad.-Foto-Yosdany-Morejon-Copy-1536x707.jpg 1536w, https:\/\/www.radiosanctispiritus.cu\/es\/wp-content\/uploads\/Su-Taller-Galeria-Neoclasico-rompe-la-logica-colonial-del-entorno-en-Trinidad.-Foto-Yosdany-Morejon-Copy-2048x942.jpg 2048w\" sizes=\"(max-width: 600px) 100vw, 600px\" \/><p id=\"caption-attachment-55889\" class=\"wp-caption-text\">Su Taller-Galer\u00eda Neocl\u00e1sico rompe la l\u00f3gica colonial del entorno en Trinidad. Foto Yosdany Morej\u00f3n.<\/p><\/div>\n<p>Su Taller-Galer\u00eda Neocl\u00e1sico rompe la l\u00f3gica colonial del entorno. Eligi\u00f3 ese nombre porque remite a sus primeros pasos como restaurador de retablos en la Iglesia Sant\u00edsima Trinidad. \u201cYo soy restaurador de formaci\u00f3n. Empec\u00e9 en la iglesia, con madera antigua, con policrom\u00edas. Ah\u00ed aprend\u00ed a respetar la historia y a no imponerme sobre ella. Por eso mis abanicos tambi\u00e9n llevan un poco de ese esp\u00edritu: rescatar lo que la gente a veces no mira\u201d.<\/p>\n<p>Desde entonces, cada abanico suyo es un peque\u00f1o mapa de la ciudad. \u201cIncorporo los dise\u00f1os de Trinidad en los calados: la herrer\u00eda de los balcones, las rejas coloniales, los techos con alfardas, las pinturas murales. Cuando alguien abre un abanico m\u00edo se lleva, sin darse cuenta, un pedazo de la ciudad\u201d.<\/p>\n<p>Y sus obras recorren el mundo y el pa\u00eds. Algunos abanicos de Cadalso engalanan hoy instalaciones tur\u00edsticas de la villa y unos m\u00e1s reposan en colecciones de Espa\u00f1a. \u201cYo nunca imagin\u00e9 tener mis obras en esos lugares. Un d\u00eda vinieron aqu\u00ed varias personalidades y me pidieron abanicos para exponerlos. Desde entonces me siento parte de la marca Trinidad, aunque yo no lo busqu\u00e9, fue la propia obra la que me llev\u00f3 hasta ah\u00ed\u201d.<\/p>\n<p>EL MUSEO EN CASA<\/p>\n<div id=\"attachment_55890\" style=\"width: 610px\" class=\"wp-caption aligncenter\"><img decoding=\"async\" aria-describedby=\"caption-attachment-55890\" class=\"size-medium wp-image-55890\" src=\"https:\/\/www.radiosanctispiritus.cu\/es\/wp-content\/uploads\/Algunos-abanicos-de-Cadalso-engalanan-hoy-instalaciones-turisticas-de-la-villa-de-Trinidad-y-unos-mas-reposan-en-colecciones-de-Espana.-Foto-Yosdany-Morejon-Copy-600x276.jpg\" alt=\"\" width=\"600\" height=\"276\" srcset=\"https:\/\/www.radiosanctispiritus.cu\/es\/wp-content\/uploads\/Algunos-abanicos-de-Cadalso-engalanan-hoy-instalaciones-turisticas-de-la-villa-de-Trinidad-y-unos-mas-reposan-en-colecciones-de-Espana.-Foto-Yosdany-Morejon-Copy-600x276.jpg 600w, https:\/\/www.radiosanctispiritus.cu\/es\/wp-content\/uploads\/Algunos-abanicos-de-Cadalso-engalanan-hoy-instalaciones-turisticas-de-la-villa-de-Trinidad-y-unos-mas-reposan-en-colecciones-de-Espana.-Foto-Yosdany-Morejon-Copy-1024x471.jpg 1024w, https:\/\/www.radiosanctispiritus.cu\/es\/wp-content\/uploads\/Algunos-abanicos-de-Cadalso-engalanan-hoy-instalaciones-turisticas-de-la-villa-de-Trinidad-y-unos-mas-reposan-en-colecciones-de-Espana.-Foto-Yosdany-Morejon-Copy-768x353.jpg 768w, https:\/\/www.radiosanctispiritus.cu\/es\/wp-content\/uploads\/Algunos-abanicos-de-Cadalso-engalanan-hoy-instalaciones-turisticas-de-la-villa-de-Trinidad-y-unos-mas-reposan-en-colecciones-de-Espana.-Foto-Yosdany-Morejon-Copy-1536x707.jpg 1536w, https:\/\/www.radiosanctispiritus.cu\/es\/wp-content\/uploads\/Algunos-abanicos-de-Cadalso-engalanan-hoy-instalaciones-turisticas-de-la-villa-de-Trinidad-y-unos-mas-reposan-en-colecciones-de-Espana.-Foto-Yosdany-Morejon-Copy-2048x942.jpg 2048w\" sizes=\"(max-width: 600px) 100vw, 600px\" \/><p id=\"caption-attachment-55890\" class=\"wp-caption-text\">Algunos abanicos de Cadalso engalanan hoy instalaciones tur\u00edsticas de la villa de Trinidad y unos m\u00e1s reposan en colecciones de Espa\u00f1a. Foto Yosdany Morej\u00f3n.<\/p><\/div>\n<p>Pero Cadalso no solo construye abanicos. Tambi\u00e9n colecciona la memoria de su ciudad. En su casa-taller se resguardan ebanister\u00edas del siglo XVIII, balaustradas, guardapolvos y piezas de hierro forjado que \u00e9l mismo ha encontrado en excavaciones o en techos coloniales.<\/p>\n<p>\u201cSiempre quise tener un museo. No para m\u00ed, sino para mostrarle a la gente que viene hasta ac\u00e1 un pedacito de la historia palpable en sus manos. Me emociona cuando un ni\u00f1o toca un clavo forjado hace tres siglos y se queda mirando con asombro. Ah\u00ed es cuando siento que vale la pena guardarlo todo\u201d.<\/p>\n<p>En cada rinc\u00f3n de su casa, Jos\u00e9 Miguel ha levantado un peque\u00f1o santuario al oficio. Las paredes, cubiertas con molduras, cuentan historias de techos coloniales y de manos an\u00f3nimas que forjaron la belleza en la madera. \u201cTodo lo que ves aqu\u00ed fue trabajado por m\u00ed o rescatado del olvido\u201d, suele decir. Para \u00e9l, ese universo dom\u00e9stico no es solo una galer\u00eda: es la materializaci\u00f3n del di\u00e1logo entre el arte y la arqueolog\u00eda.<\/p>\n<p>En una esquina se impone un clavo enorme, de casi cinco libras, cuya cabeza a\u00fan conserva las huellas del martillo y el sudor de quien lo forj\u00f3 siglos atr\u00e1s. \u201cNo quiere morir la pieza\u201d, repite Jos\u00e9, convencido de que cada fragmento antiguo posee un pulso vital que debe preservarse.<\/p>\n<p>Lo ha limpiado con cera de abeja, lo ha protegido del \u00f3xido y lo exhibe con reverencia, como si custodiara una reliquia. Para \u00e9l, ese hierro no es un objeto, sino un testigo. \u201cSer\u00eda un hurto venderlo, porque no me pertenece; le pertenece a la historia\u201d.<\/p>\n<p>La mezcla de oficios que conviven en su taller \u2014ebanista, restaurador, ceramista, herrero y hasta arque\u00f3logo\u2014 revela la amplitud de su talento y su respeto por las t\u00e9cnicas tradicionales.<\/p>\n<p>Entre herramientas centenarias, sobresale un cepillo ranurador del siglo XIX que todav\u00eda funciona con precisi\u00f3n. \u201cAntes todo era a mano, no hab\u00eda m\u00e1quina que sustituyera la mirada ni la paciencia\u201d, afirma mientras demuestra c\u00f3mo el filo de la cuchilla abre un surco exacto sobre la madera. Esa fidelidad a la obra bien hecha, sin atajos ni concesiones, es la misma que ha guiado cada abanico.<\/p>\n<p>Su creatividad no se detiene en las piezas ornamentales. Adem\u00e1s de los abanicos monumentales, trabaja en un expositor de vino y en una cruz gigantesca destinada a una iglesia de Yaguajay, r\u00e9plica ampliada de la que reposa en la Sant\u00edsima Trinidad. \u201cTuve que dibujarla en el piso, pieza a pieza, hasta verla levantarse\u201d, confiesa.<\/p>\n<p>Doce d\u00edas de labor bastaron para devolverle forma a la fe. As\u00ed, entre reliquias, maderas centenarias y nuevos proyectos, Jos\u00e9 Miguel sigue entrelazando historia y creaci\u00f3n, convencido de que el arte, cuando se hace con amor, tambi\u00e9n puede vencer al tiempo.<\/p>\n<p>PASI\u00d3N HEREDADA<\/p>\n<div id=\"attachment_55891\" style=\"width: 610px\" class=\"wp-caption aligncenter\"><img decoding=\"async\" aria-describedby=\"caption-attachment-55891\" class=\"size-medium wp-image-55891\" src=\"https:\/\/www.radiosanctispiritus.cu\/es\/wp-content\/uploads\/En-cada-rincon-de-su-casa-Jose-Miguel-ha-levantado-un-pequeno-santuario-al-oficio.-Foto-Yosdany-Morejon-Copy-600x276.jpg\" alt=\"\" width=\"600\" height=\"276\" \/><p id=\"caption-attachment-55891\" class=\"wp-caption-text\">En cada rinc\u00f3n de su casa, Jos\u00e9 Miguel ha levantado un peque\u00f1o santuario al oficio. Foto Yosdany Morej\u00f3n.<\/p><\/div>\n<p>Lo que sostiene cada varilla no es solo madera, es pasi\u00f3n. \u201cSi no existe pasi\u00f3n, no hay resultado. Ni en los abanicos, ni en un piano, ni en nada. Eso les digo siempre a quienes me rodean: hay que estar enamorado de lo que uno hace para lograr \u00e9xito. Yo no trabajo para hacerme rico, yo trabajo porque me gusta, porque siento que nac\u00ed para esto\u201d.<\/p>\n<p>Esa pasi\u00f3n lo ha acompa\u00f1ado desde sus 16 a\u00f1os, cuando en el 2008 comenz\u00f3 a fabricar abanicos inspirado en una pieza arqueol\u00f3gica que lo marc\u00f3 para siempre. \u201cEra un abanico deteriorado, encontrado en una excavaci\u00f3n. Yo me pasaba horas mir\u00e1ndolo, pregunt\u00e1ndome qui\u00e9n lo habr\u00eda usado, en qu\u00e9 fiesta, qu\u00e9 m\u00fasica habr\u00eda sonado aquella noche. Ah\u00ed me dije: Yo quiero devolverle vida a esto\u201d.<\/p>\n<p>Con la misma devoci\u00f3n que dedica a los abanicos monumentales, elabor\u00f3, bajo lupa, uno min\u00fasculo que obsequi\u00f3 a una doctora vinculada a la creaci\u00f3n de la vacuna Abdala. \u201cQuiz\u00e1s sea el m\u00e1s peque\u00f1o del mundo. Lo hice como homenaje al esfuerzo de esa mujer y de los cient\u00edficos cubanos. Era mi manera de decir gracias con lo \u00fanico que s\u00e9 hacer: abanicos\u201d.<\/p>\n<p>ENTRE VISITANTES Y CELEBRIDADES<\/p>\n<div id=\"attachment_55892\" style=\"width: 610px\" class=\"wp-caption aligncenter\"><img decoding=\"async\" aria-describedby=\"caption-attachment-55892\" class=\"size-medium wp-image-55892\" src=\"https:\/\/www.radiosanctispiritus.cu\/es\/wp-content\/uploads\/En-Trinidad-vive-Jose-Miguel-Rodriguez-Cadalso-un-artesano-que-desde-los-16-anos-se-empena-en-salvar-un-oficio-casi-extinto.-Foto-Yosdany-Morejon-Copy-600x276.jpg\" alt=\"\" width=\"600\" height=\"276\" srcset=\"https:\/\/www.radiosanctispiritus.cu\/es\/wp-content\/uploads\/En-Trinidad-vive-Jose-Miguel-Rodriguez-Cadalso-un-artesano-que-desde-los-16-anos-se-empena-en-salvar-un-oficio-casi-extinto.-Foto-Yosdany-Morejon-Copy-600x276.jpg 600w, https:\/\/www.radiosanctispiritus.cu\/es\/wp-content\/uploads\/En-Trinidad-vive-Jose-Miguel-Rodriguez-Cadalso-un-artesano-que-desde-los-16-anos-se-empena-en-salvar-un-oficio-casi-extinto.-Foto-Yosdany-Morejon-Copy-1024x471.jpg 1024w, https:\/\/www.radiosanctispiritus.cu\/es\/wp-content\/uploads\/En-Trinidad-vive-Jose-Miguel-Rodriguez-Cadalso-un-artesano-que-desde-los-16-anos-se-empena-en-salvar-un-oficio-casi-extinto.-Foto-Yosdany-Morejon-Copy-768x353.jpg 768w, https:\/\/www.radiosanctispiritus.cu\/es\/wp-content\/uploads\/En-Trinidad-vive-Jose-Miguel-Rodriguez-Cadalso-un-artesano-que-desde-los-16-anos-se-empena-en-salvar-un-oficio-casi-extinto.-Foto-Yosdany-Morejon-Copy-1536x707.jpg 1536w, https:\/\/www.radiosanctispiritus.cu\/es\/wp-content\/uploads\/En-Trinidad-vive-Jose-Miguel-Rodriguez-Cadalso-un-artesano-que-desde-los-16-anos-se-empena-en-salvar-un-oficio-casi-extinto.-Foto-Yosdany-Morejon-Copy-2048x942.jpg 2048w\" sizes=\"(max-width: 600px) 100vw, 600px\" \/><p id=\"caption-attachment-55892\" class=\"wp-caption-text\">En Trinidad vive Jos\u00e9 Miguel Rodr\u00edguez Cadalso, un artesano que desde los 16 a\u00f1os se empe\u00f1a en salvar un oficio casi extinto. Foto Yosdany Morej\u00f3n<\/p><\/div>\n<p>Su casa-taller se ha convertido en parada obligada. Por all\u00ed han pasado las esposas de ciertos embajadores de Canad\u00e1 y Vietnam, una maquillista de Coco Chanel y hasta Miss Paraguay, quien no resisti\u00f3 retratarse junto al \u201cabanic\u00f3 grande\u201d de la sala.<\/p>\n<p>\u201cMe sorprende la reacci\u00f3n de la gente. Algunos no pueden creer que todo sea hecho a mano, otros me preguntan si no tengo m\u00e1quinas escondidas. Y yo les digo que no, que lo \u00fanico que tengo es paciencia. Incluso un visitante me dijo un d\u00eda: \u2018Usted no fabrica abanicos, usted fabrica milagros\u2019. Esa frase no se me olvida\u201d.<\/p>\n<p>La magia, sin embargo, no se limita a la visita. En el taller de Cadalso la madera antigua espera paciente a ser transformada. Una viga de cedro del siglo XIX, da\u00f1ada por el tiempo, se convierte en materia prima para cuatro abanicos est\u00e1ndar. Nada se desecha: lo que no sirve para tallar recibe cera de abeja y prolonga su vida.<\/p>\n<p>\u201cYo soy enemigo de botar la madera. Cada pedazo tiene historia, cada astilla tiene memoria. Cuando rescato un list\u00f3n viejo siento que les devuelvo voz a quienes lo cortaron, lo pulieron, lo colocaron en una casa hace siglos\u201d.<\/p>\n<p>LA HUELLA DE UN TRINITARIO<\/p>\n<p>Lo que distingue a Cadalso no es solo su habilidad t\u00e9cnica, sino su sentido de pertenencia. Sus abanicos, grandes o peque\u00f1os, no son objetos decorativos: son fragmentos de Trinidad, de su historia y de su gente.<\/p>\n<p>\u201cYo creo que, si no hiciera esto, no ser\u00eda yo. No solo soy artista, tambi\u00e9n coleccionista, muse\u00f3logo, un poco de todo. Mi obra forma parte del patrimonio de esta ciudad, aunque no siempre est\u00e9 en un museo\u201d.<\/p>\n<p>Por eso, pese a las ofertas tentadoras, no vende las piezas arqueol\u00f3gicas que guarda. \u201cMe han querido comprar hierro, madera, piezas enteras de ebanister\u00eda, pero yo no puedo. No sabr\u00eda dormir despu\u00e9s. Eso no se vende, eso se conserva\u201d.<\/p>\n<p>A veces se pregunta qu\u00e9 pasar\u00e1 cuando ya no pueda sostener la gubia o cuando sus manos no tengan la fuerza suficiente para tallar la madera. \u201cLo que quiero es que quede el ejemplo y que alguien siga el camino. Si un muchacho se interesa y quiere aprender, yo le ense\u00f1o sin cobrarle un centavo, porque no se trata de dinero, sino de que el arte no muera\u201d.<\/p>\n<p>Esa voluntad de ense\u00f1ar le ha permitido compartir secretos con j\u00f3venes artesanos de la villa. Les repite una y otra vez que la primera herramienta no es el form\u00f3n ni la lija, sino la paciencia. \u201cSi no la tienen, mejor no lo intenten. El abanico no se hace en un d\u00eda ni en una semana; se hace en el tiempo que \u00e9l mismo te va pidiendo\u201d.<\/p>\n<p>Quiz\u00e1s por eso muchos lo miran como un guardi\u00e1n de la madera, alguien que insiste en rescatar un objeto casi olvidado. Pero \u00e9l sonr\u00ede y responde: \u201cIn\u00fatil no, porque cada abanico mueve aire, refresca, alegra y m\u00e1s en tiempo de apagones. Lo que yo hago no es pasado, es presente. Y mientras tenga fuerzas, seguir\u00e9 atrapando el viento en madera\u201d.<\/p>\n<p>En una ciudad que vive de su pasado y respira su artesan\u00eda, Jos\u00e9 Miguel Rodr\u00edguez Cadalso ha encontrado la manera de prolongar ambos: con madera, con fe y con la obstinaci\u00f3n de quien se sabe heredero de una historia. Porque, en definitiva, cada abanico suyo es m\u00e1s que un objeto: es el gesto de un trinitario que aprendi\u00f3 a domesticar el viento.<\/p>\n<p>&nbsp;<\/p>\n<p><strong>Conozca m\u00e1s sobre la vida y obra de Jos\u00e9 Miguel Rodr\u00edguez Cadalso en el siguiente video: <a href=\"https:\/\/youtu.be\/Frxy-0cCaEs\" target=\"_blank\" rel=\"noopener noreferrer nofollow\">https:\/\/youtu.be\/Frxy-0cCaEs<\/a><\/strong><\/p>\n","protected":false},"excerpt":{"rendered":"<p>En Trinidad vive Jos\u00e9 Miguel Rodr\u00edguez Cadalso, un artesano que desde los 16 a\u00f1os se empe\u00f1a en salvar un oficio casi extinto: fabricar abanicos a mano, algunos de casi tres metros de ancho.<\/p>\n","protected":false},"author":29,"featured_media":55887,"comment_status":"open","ping_status":"open","sticky":false,"template":"","format":"standard","meta":{"_acf_changed":false,"footnotes":""},"categories":[8,6,1,12,1170],"tags":[727,109,54],"coauthors":[1856],"class_list":["post-55883","post","type-post","status-publish","format-standard","has-post-thumbnail","hentry","category-noticia","category-cultura","category-sancti-spiritus","category-sugerencia","category-turismo","tag-artesania","tag-ciudad-artesanal-del-mundo","tag-trinidad-de-cuba"],"acf":[],"_links":{"self":[{"href":"https:\/\/www.radiosanctispiritus.cu\/es\/wp-json\/wp\/v2\/posts\/55883","targetHints":{"allow":["GET"]}}],"collection":[{"href":"https:\/\/www.radiosanctispiritus.cu\/es\/wp-json\/wp\/v2\/posts"}],"about":[{"href":"https:\/\/www.radiosanctispiritus.cu\/es\/wp-json\/wp\/v2\/types\/post"}],"author":[{"embeddable":true,"href":"https:\/\/www.radiosanctispiritus.cu\/es\/wp-json\/wp\/v2\/users\/29"}],"replies":[{"embeddable":true,"href":"https:\/\/www.radiosanctispiritus.cu\/es\/wp-json\/wp\/v2\/comments?post=55883"}],"version-history":[{"count":5,"href":"https:\/\/www.radiosanctispiritus.cu\/es\/wp-json\/wp\/v2\/posts\/55883\/revisions"}],"predecessor-version":[{"id":55921,"href":"https:\/\/www.radiosanctispiritus.cu\/es\/wp-json\/wp\/v2\/posts\/55883\/revisions\/55921"}],"wp:featuredmedia":[{"embeddable":true,"href":"https:\/\/www.radiosanctispiritus.cu\/es\/wp-json\/wp\/v2\/media\/55887"}],"wp:attachment":[{"href":"https:\/\/www.radiosanctispiritus.cu\/es\/wp-json\/wp\/v2\/media?parent=55883"}],"wp:term":[{"taxonomy":"category","embeddable":true,"href":"https:\/\/www.radiosanctispiritus.cu\/es\/wp-json\/wp\/v2\/categories?post=55883"},{"taxonomy":"post_tag","embeddable":true,"href":"https:\/\/www.radiosanctispiritus.cu\/es\/wp-json\/wp\/v2\/tags?post=55883"},{"taxonomy":"author","embeddable":true,"href":"https:\/\/www.radiosanctispiritus.cu\/es\/wp-json\/wp\/v2\/coauthors?post=55883"}],"curies":[{"name":"wp","href":"https:\/\/api.w.org\/{rel}","templated":true}]}}