{"id":55753,"date":"2025-10-15T14:28:18","date_gmt":"2025-10-15T18:28:18","guid":{"rendered":"https:\/\/www.radiosanctispiritus.cu\/es\/?p=55753"},"modified":"2025-10-15T14:30:26","modified_gmt":"2025-10-15T18:30:26","slug":"que-dice-el-instituto-de-meteorologia-sobre-los-nublados-y-lluvias-durante-esta-semana","status":"publish","type":"post","link":"https:\/\/www.radiosanctispiritus.cu\/es\/que-dice-el-instituto-de-meteorologia-sobre-los-nublados-y-lluvias-durante-esta-semana\/","title":{"rendered":"\u00bfQu\u00e9 dice el Instituto de Meteorolog\u00eda sobre los nublados y lluvias durante esta semana?"},"content":{"rendered":"<p>Un frente fr\u00edo de origen extratropical se extiende sobre el occidente y centro de Cuba desde inicios de esta semana, generando un cambio significativo en las condiciones meteorol\u00f3gicas del pa\u00eds. Este sistema, que marca la transici\u00f3n entre una masa de aire m\u00e1s fr\u00edo \u2014proveniente del norte\u2014 y el aire c\u00e1lido y h\u00famedo caracter\u00edstico del Caribe, ha provocado un aumento generalizado de la nubosidad y la ocurrencia de precipitaciones en amplias zonas del territorio. Seg\u00fan el Centro de Pron\u00f3sticos del Tiempo del Instituto de Meteorolog\u00eda, el frente fr\u00edo se encuentra estacionario sobre la porci\u00f3n occidental y central de la Isla, interactuando con la humedad del mar y los patrones locales de convecci\u00f3n diurna.<\/p>\n<p>Esta interacci\u00f3n ha favorecido la formaci\u00f3n de nubes de desarrollo vertical, responsables de los chubascos, lluvias moderadas y aisladas tormentas el\u00e9ctricas que se registran desde hace una semana.<\/p>\n<p>El INSMEC contin\u00faa monitoreando la evoluci\u00f3n del fen\u00f3meno meteorl\u01f5ico. Aunque no se prev\u00e9 un desplazamiento r\u00e1pido del sistema, su permanencia podr\u00eda mantener las condiciones inestables al menos hasta finales de la semana.<\/p>\n","protected":false},"excerpt":{"rendered":"<p>Un frente fr\u00edo estacionario sobre el occidente y centro de Cuba est\u00e1 generando nublados, chubascos, lluvias y aisladas tormentas el\u00e9ctricas durante toda la semana.<\/p>\n","protected":false},"author":4,"featured_media":55760,"comment_status":"open","ping_status":"open","sticky":false,"template":"","format":"standard","meta":{"_acf_changed":false,"footnotes":""},"categories":[8,3],"tags":[112,294],"coauthors":[1883],"class_list":["post-55753","post","type-post","status-publish","format-standard","has-post-thumbnail","hentry","category-noticia","category-cuba","tag-meteorologia","tag-sistema-meteorologico"],"acf":[],"_links":{"self":[{"href":"https:\/\/www.radiosanctispiritus.cu\/es\/wp-json\/wp\/v2\/posts\/55753","targetHints":{"allow":["GET"]}}],"collection":[{"href":"https:\/\/www.radiosanctispiritus.cu\/es\/wp-json\/wp\/v2\/posts"}],"about":[{"href":"https:\/\/www.radiosanctispiritus.cu\/es\/wp-json\/wp\/v2\/types\/post"}],"author":[{"embeddable":true,"href":"https:\/\/www.radiosanctispiritus.cu\/es\/wp-json\/wp\/v2\/users\/4"}],"replies":[{"embeddable":true,"href":"https:\/\/www.radiosanctispiritus.cu\/es\/wp-json\/wp\/v2\/comments?post=55753"}],"version-history":[{"count":4,"href":"https:\/\/www.radiosanctispiritus.cu\/es\/wp-json\/wp\/v2\/posts\/55753\/revisions"}],"predecessor-version":[{"id":55766,"href":"https:\/\/www.radiosanctispiritus.cu\/es\/wp-json\/wp\/v2\/posts\/55753\/revisions\/55766"}],"wp:featuredmedia":[{"embeddable":true,"href":"https:\/\/www.radiosanctispiritus.cu\/es\/wp-json\/wp\/v2\/media\/55760"}],"wp:attachment":[{"href":"https:\/\/www.radiosanctispiritus.cu\/es\/wp-json\/wp\/v2\/media?parent=55753"}],"wp:term":[{"taxonomy":"category","embeddable":true,"href":"https:\/\/www.radiosanctispiritus.cu\/es\/wp-json\/wp\/v2\/categories?post=55753"},{"taxonomy":"post_tag","embeddable":true,"href":"https:\/\/www.radiosanctispiritus.cu\/es\/wp-json\/wp\/v2\/tags?post=55753"},{"taxonomy":"author","embeddable":true,"href":"https:\/\/www.radiosanctispiritus.cu\/es\/wp-json\/wp\/v2\/coauthors?post=55753"}],"curies":[{"name":"wp","href":"https:\/\/api.w.org\/{rel}","templated":true}]}}