{"id":55746,"date":"2025-10-16T04:42:34","date_gmt":"2025-10-16T08:42:34","guid":{"rendered":"https:\/\/www.radiosanctispiritus.cu\/es\/?p=55746"},"modified":"2025-10-15T13:55:51","modified_gmt":"2025-10-15T17:55:51","slug":"yayabociencia-una-apuesta-por-el-desarrollo","status":"publish","type":"post","link":"https:\/\/www.radiosanctispiritus.cu\/es\/yayabociencia-una-apuesta-por-el-desarrollo\/","title":{"rendered":"Yayabociencia, una apuesta por el desarrollo"},"content":{"rendered":"<p>Alrededor de 400 investigadores, acad\u00e9micos y estudiantes de Cuba y otras naciones se dan cita desde este martes y hasta el venidero d\u00eda 17 en la VIII Conferencia Internacional Yayabociencia 2025, que tiene por sede el hotel Meli\u00e1 Trinidad Pen\u00ednsula. Este certamen est\u00e1 auspiciado por la Universidad de Sancti Sp\u00edritus Jos\u00e9 Mart\u00ed P\u00e9rez y tiene lugar cada dos a\u00f1os.<\/p>\n<p>Durante el evento sesionar\u00e1 m\u00e1s de una decena de talleres, y uno de ellos es \u00abVulnerabilidad Social y Desarrollo Sostenible\u00bb, que correr\u00e1 a cargo del reconocido profesor espirituano Dr. C. Jos\u00e9 Neira Mili\u00e1n.<\/p>\n<p><strong>\u00bfQu\u00e9 composici\u00f3n tiene este <\/strong><strong>t<\/strong><strong>aller?<\/strong><\/p>\n<p>Este es un taller que tiene una participaci\u00f3n nacional e internacional importante, pues estamos hablando de la presencia de representantes de universidades de Brasil y Alemania, que lo hacen de manera presencial, pero tambi\u00e9n tenemos una cifra considerable de acad\u00e9micos de la Universidad de Cantabria y Alicante, en Espa\u00f1a, y de Berl\u00edn que lo hacen de manera virtual.<\/p>\n<p>En el caso de Cuba, tenemos presencia de la Universidad de La Habana, tambi\u00e9n del Oriente del pa\u00eds, as\u00ed como de instituciones nacionales, como es el caso de Servicios M\u00e9dicos, debido a que uno de los paneles estar\u00e1 dirigido a la Salud Comunitaria.<\/p>\n<p>Aqu\u00ed tambi\u00e9n tendremos participaci\u00f3n de n\u00facleos interdisciplinarios para el desenvolvimiento social de la Universidad Federal en Rio de Janeiro, uno de nuestros colaboradores distinguidos, al igual que del Centro de Ingenier\u00eda Gen\u00e9tica y Biotecnolog\u00eda\u00a0 (CIGB)de Sancti Sp\u00edritus, con la figura del doctor Enrique P\u00e9rez Cruz, uno de los conferencistas de este Taller. Asimismo, contamos con Yamilet Ferr\u00e1n Fern\u00e1ndez, coordinadora nacional del doctorado en Comunicaci\u00f3n Social, quien dictar\u00e1 otra de las conferencias.<\/p>\n<p><strong>En el caso de los <\/strong><strong>p<\/strong><strong>aneles, \u00bf<\/strong><strong>q<\/strong><strong>u\u00e9 temas abordar\u00e1n?<\/strong><\/p>\n<p>Hay m\u00faltiples temas, pero se distingue el relacionado con los imaginarios sociales y las redes virtuales sociales en la actualidad. Tambi\u00e9n tenemos paneles dirigidos a la gobernanza y las estrategias de desarrollo local y las pol\u00edticas p\u00fablicas, el patrimonio, la tecnolog\u00eda social y los conflictos interculturales, por mencionar algunos.<\/p>\n<p><strong>\u00bfQu\u00e9 otras particularidades los distinguir\u00e1 en esta oportunidad? <\/strong><\/p>\n<p>Como particularidad, creo nos va a distinguir una degustaci\u00f3n de caf\u00e9 que tendremos dentro de esta Convenci\u00f3n, pues el evento se honra tambi\u00e9n con la participaci\u00f3n de representantes de la Empresa Mixta Cubano-Italiana\u00a0 BioCubaCaf\u00e9, quienes van a presentar el desarrollo y los resultados del \u00fanico caf\u00e9 org\u00e1nico que existe en nuestro pa\u00eds, el\u00a0 510 Santiago, al tiempo que se mostrar\u00e1n las experiencias obtenidas con campesinos de esa zona oriental de Cuba, y nosotros vamos a homologar la intenci\u00f3n de que BioCubaCaf\u00e9 pueda estar presente en esta zona del centro de la isla.<\/p>\n<p>Es decir, que este ser\u00e1 el primer paso, pues dentro del evento cient\u00edfico la degustaci\u00f3n del caf\u00e9 se har\u00e1 de una manera diferente, se va a realizar en Topes de Collantes, en la Finca Itabo, perteneciente a la Cooperativa de Cr\u00e9ditos y Servicios Lucas Castellanos, y asistir\u00e1n campesinos de la zona con las diferentes variedades de caf\u00e9 que cultivan, para mostrar as\u00ed la aspiraci\u00f3n y las posibilidades de desarrollo del cultivo de ese grano en Sancti Sp\u00edritus. Por supuesto, contamos con el apoyo y la presencia tambi\u00e9n de representantes de la Asociaci\u00f3n Nacional de Agricultores Peque\u00f1os de la provincia.<\/p>\n<p>Esa es la din\u00e1mica que va a tener este taller que, insisto, abordar\u00e1 los temas de g\u00e9nero, vulnerabilidad social y las din\u00e1micas demogr\u00e1ficas para el desarrollo humano sostenible.<\/p>\n<p>Pienso que va a ser un evento enriquecedor y de intercambio acad\u00e9mico que nos aportar\u00e1 a todos.<\/p>\n","protected":false},"excerpt":{"rendered":"<p>Alrededor de 400 investigadores, acad\u00e9micos y estudiantes de Cuba y otras naciones se dan cita desde este martes y hasta el venidero d\u00eda 17 en la VIII Conferencia Internacional Yayabociencia 2025, que tiene por sede el hotel Meli\u00e1 Trinidad Pen\u00ednsula. Este certamen est\u00e1 auspiciado por la Universidad de Sancti Sp\u00edritus Jos\u00e9 Mart\u00ed P\u00e9rez y tiene lugar cada dos a\u00f1os.<\/p>\n","protected":false},"author":8,"featured_media":55751,"comment_status":"open","ping_status":"open","sticky":false,"template":"","format":"standard","meta":{"_acf_changed":false,"footnotes":""},"categories":[14,8,1],"tags":[1639,54,656,1723,2037],"coauthors":[1917],"class_list":["post-55746","post","type-post","status-publish","format-standard","has-post-thumbnail","hentry","category-educacion","category-noticia","category-sancti-spiritus","tag-melia-trinidad-peninsula","tag-trinidad-de-cuba","tag-uniss","tag-universidad-de-sancti-spiritus-jose-marti-perez","tag-yayabociencia"],"acf":[],"_links":{"self":[{"href":"https:\/\/www.radiosanctispiritus.cu\/es\/wp-json\/wp\/v2\/posts\/55746","targetHints":{"allow":["GET"]}}],"collection":[{"href":"https:\/\/www.radiosanctispiritus.cu\/es\/wp-json\/wp\/v2\/posts"}],"about":[{"href":"https:\/\/www.radiosanctispiritus.cu\/es\/wp-json\/wp\/v2\/types\/post"}],"author":[{"embeddable":true,"href":"https:\/\/www.radiosanctispiritus.cu\/es\/wp-json\/wp\/v2\/users\/8"}],"replies":[{"embeddable":true,"href":"https:\/\/www.radiosanctispiritus.cu\/es\/wp-json\/wp\/v2\/comments?post=55746"}],"version-history":[{"count":5,"href":"https:\/\/www.radiosanctispiritus.cu\/es\/wp-json\/wp\/v2\/posts\/55746\/revisions"}],"predecessor-version":[{"id":55752,"href":"https:\/\/www.radiosanctispiritus.cu\/es\/wp-json\/wp\/v2\/posts\/55746\/revisions\/55752"}],"wp:featuredmedia":[{"embeddable":true,"href":"https:\/\/www.radiosanctispiritus.cu\/es\/wp-json\/wp\/v2\/media\/55751"}],"wp:attachment":[{"href":"https:\/\/www.radiosanctispiritus.cu\/es\/wp-json\/wp\/v2\/media?parent=55746"}],"wp:term":[{"taxonomy":"category","embeddable":true,"href":"https:\/\/www.radiosanctispiritus.cu\/es\/wp-json\/wp\/v2\/categories?post=55746"},{"taxonomy":"post_tag","embeddable":true,"href":"https:\/\/www.radiosanctispiritus.cu\/es\/wp-json\/wp\/v2\/tags?post=55746"},{"taxonomy":"author","embeddable":true,"href":"https:\/\/www.radiosanctispiritus.cu\/es\/wp-json\/wp\/v2\/coauthors?post=55746"}],"curies":[{"name":"wp","href":"https:\/\/api.w.org\/{rel}","templated":true}]}}