{"id":5574,"date":"2022-12-09T23:00:14","date_gmt":"2022-12-10T04:00:14","guid":{"rendered":"https:\/\/www.radiosanctispiritus.cu\/es\/?p=5574"},"modified":"2022-12-09T23:00:14","modified_gmt":"2022-12-10T04:00:14","slug":"bolivia-argentina-y-brasil-maximos-ganadores-de-festival-de-cine","status":"publish","type":"post","link":"https:\/\/www.radiosanctispiritus.cu\/es\/bolivia-argentina-y-brasil-maximos-ganadores-de-festival-de-cine\/","title":{"rendered":"Bolivia, Argentina y Brasil, m\u00e1ximos ganadores de Festival de Cine"},"content":{"rendered":"<p>Las cinematograf\u00edas de Bolivia, Argentina y Brasil demostraron este viernes su solidez en el s\u00e9ptimo arte latinoamericano al arrasar en varias categor\u00edas en el 43 Festival Internacional del Nuevo Cine Latinoamericano de La Habana.<\/p>\n<p>El realizador boliviano Kiro Russo fue el gran vencedor en el certamen tras coronarse con el Coral al mejor largometraje en tanto tambi\u00e9n venci\u00f3 en el apartado de direcci\u00f3n, sonido y edici\u00f3n.<\/p>\n<p>Otra de las grandes premiadas de la cita fue la pel\u00edcula Argentina, 1985, de Santiago Mitre, cuya historia sobre los juicios posteriores a la dictadura c\u00edvico-militar (1976-1983), le vali\u00f3 un Coral al gran actor Ricardo Dar\u00edn por su papel del abogado Julio Strassera. La cinta tambi\u00e9n gan\u00f3 en direcci\u00f3n art\u00edstica y gui\u00f3n.<\/p>\n<p><strong>Prensa Latina<\/strong> transmite a continuaci\u00f3n la lista de premios del cert\u00e1men habanero, en el que concursaron 103 obras de una decena de pa\u00edses.<\/p>\n<p>Largometraje:<\/p>\n<p>Coral de ficci\u00f3n: El gran movimiento, de Kiro Russo (Bolivia)<\/p>\n<p>Coral especial del jurado: Regra 34, de Julia Murat (Brasil)<\/p>\n<p>Coral de direcci\u00f3n: Kiro Russo, por El gran movimiento (Bolivia)<\/p>\n<p>Coral de actuaci\u00f3n femenina: Julia Ch\u00e1vez, por El otro Tom (M\u00e9xico)<\/p>\n<p>Coral de actuaci\u00f3n masculina: Ricardo Dar\u00edn, por Argentina 1985 (Argentina)<\/p>\n<p>Coral de sonido: Mercedes Tenina y Mauricio Quiroga, por El gran movimiento (Bolivia)<\/p>\n<p>Coral de direcci\u00f3n art\u00edstica: Micael Saiegh, por Argentina 1985 (Argentina)<\/p>\n<p>Coral de gui\u00f3n: Santiago Mitre y Mariano Llin\u00e1s, por Argentina 1985 (Argentina)<\/p>\n<p>Coral de m\u00fasica original: Muleta 100 Calcinha, por Mato seco em chamas (Brasil)<\/p>\n<p>Coral de fotograf\u00eda: Joana Pimienta, por Mato seco em chamas (Brasil)<\/p>\n<p>Cora de edici\u00f3n: Kiro Russo y Pablo Panigua, por El gran movimiento (Bolivia)<\/p>\n<p>Cortometraje:<\/p>\n<p>Coral al mejor cortometraje: Chao de f\u00e1brica (Una historia de obreras), de Nina Kopko (Brasil)<\/p>\n<p>Coral especial del jurado: Estrellas del desierto, de Katherina Harder (Chile)<\/p>\n<p>\u00d3pera prima:<\/p>\n<p>Coral a la mejor \u00f3pera prima: Amparo, de Sim\u00f3n Mesa (Colombia) Coral especial del jurado: 1976, de Manuela Martelli (Chile)<\/p>\n<p>Coral a la contribuci\u00f3n art\u00edstica: La jaur\u00eda, de Andr\u00e9s Ram\u00edrez (Colombia)<\/p>\n<p>Menciones:<\/p>\n<p>Clara Sola, de Nathalie Alvarez (Costa Rica)<\/p>\n<p>Noche de fuego, de Tatiana Huezo (M\u00e9xico)<\/p>\n<p>Documentales:<\/p>\n<p>Coral de largometraje documental: Eami, de Paz Encina (Paraguay)<\/p>\n<p>Coral de cortometraje documental: Abisal, de Alejandro Alonso (Cuba)<\/p>\n<p>Coral especial del jurado de largometraje: El silencio del topo, de Anais Taracena (Guatemala)<\/p>\n<p>Coral especial del jurado de cortometraje: Cad\u00e9 Heleny?, de Esther Vital (Brasil)<\/p>\n<p>Animaci\u00f3n:<\/p>\n<p>Coral de animaci\u00f3n: Bob escupe, no nos gusta la gente, de C\u00e9sar Cabral (Brasil)<\/p>\n<p>Coral de cortometraje: Bestia, de Hugo Covarrubias (Chile)<\/p>\n<p>Coral especial del jurado: Mi casa est\u00e1 en otra parte, de Carlos Hagerman y Jorge Villalobos (M\u00e9xico)<\/p>\n<p>Coral de postproduci\u00f3n: La suprema, de Felipe Caro (Colombia)<\/p>\n<p>Mejor cartel: Agua, de Gonzalo Fontao (M\u00e9xico)<\/p>\n<p>Gui\u00f3n in\u00e9dito: Micaela, de Jos\u00e9 Fern\u00e1ndez del R\u00edo (Per\u00fa).<\/p>\n<p>Otros premios:<\/p>\n<p>Premio Arrecife: Un var\u00f3n, de Fabi\u00e1n Hern\u00e1ndez (Colombia)<\/p>\n<p>Premio Signis: Argentina, 1985, de Santiago Mitre (Argentina)<\/p>\n<p>Premio Fipresci: Mato seco em chamas, de Adirley Queir\u00f3s y Joana Pimenta (Brasil)<\/p>\n","protected":false},"excerpt":{"rendered":"<p>Las cinematograf\u00edas de Bolivia, Argentina y Brasil demostraron este viernes su solidez en el s\u00e9ptimo arte latinoamericano al arrasar en varias categor\u00edas en el 43 Festival Internacional del Nuevo Cine Latinoamericano.<\/p>\n","protected":false},"author":3,"featured_media":5575,"comment_status":"open","ping_status":"open","sticky":false,"template":"","format":"standard","meta":{"_acf_changed":false,"footnotes":""},"categories":[6,8],"tags":[319,552],"coauthors":[],"class_list":["post-5574","post","type-post","status-publish","format-standard","has-post-thumbnail","hentry","category-cultura","category-noticia","tag-cine","tag-festival-de-cine"],"acf":[],"_links":{"self":[{"href":"https:\/\/www.radiosanctispiritus.cu\/es\/wp-json\/wp\/v2\/posts\/5574","targetHints":{"allow":["GET"]}}],"collection":[{"href":"https:\/\/www.radiosanctispiritus.cu\/es\/wp-json\/wp\/v2\/posts"}],"about":[{"href":"https:\/\/www.radiosanctispiritus.cu\/es\/wp-json\/wp\/v2\/types\/post"}],"author":[{"embeddable":true,"href":"https:\/\/www.radiosanctispiritus.cu\/es\/wp-json\/wp\/v2\/users\/3"}],"replies":[{"embeddable":true,"href":"https:\/\/www.radiosanctispiritus.cu\/es\/wp-json\/wp\/v2\/comments?post=5574"}],"version-history":[{"count":0,"href":"https:\/\/www.radiosanctispiritus.cu\/es\/wp-json\/wp\/v2\/posts\/5574\/revisions"}],"wp:featuredmedia":[{"embeddable":true,"href":"https:\/\/www.radiosanctispiritus.cu\/es\/wp-json\/wp\/v2\/media\/5575"}],"wp:attachment":[{"href":"https:\/\/www.radiosanctispiritus.cu\/es\/wp-json\/wp\/v2\/media?parent=5574"}],"wp:term":[{"taxonomy":"category","embeddable":true,"href":"https:\/\/www.radiosanctispiritus.cu\/es\/wp-json\/wp\/v2\/categories?post=5574"},{"taxonomy":"post_tag","embeddable":true,"href":"https:\/\/www.radiosanctispiritus.cu\/es\/wp-json\/wp\/v2\/tags?post=5574"},{"taxonomy":"author","embeddable":true,"href":"https:\/\/www.radiosanctispiritus.cu\/es\/wp-json\/wp\/v2\/coauthors?post=5574"}],"curies":[{"name":"wp","href":"https:\/\/api.w.org\/{rel}","templated":true}]}}