{"id":55730,"date":"2025-10-15T11:32:57","date_gmt":"2025-10-15T15:32:57","guid":{"rendered":"https:\/\/www.radiosanctispiritus.cu\/es\/?p=55730"},"modified":"2025-10-15T12:07:38","modified_gmt":"2025-10-15T16:07:38","slug":"yayabociencia-2025-abrio-sus-puertas-en-trinidad-de-cuba","status":"publish","type":"post","link":"https:\/\/www.radiosanctispiritus.cu\/es\/yayabociencia-2025-abrio-sus-puertas-en-trinidad-de-cuba\/","title":{"rendered":"Yayabociencia 2025 abri\u00f3 sus puertas en Trinidad de Cuba (+ fotos)"},"content":{"rendered":"<p>La Conferencia \u00abTransici\u00f3n energ\u00e9tica en Cuba. Retos y oportunidades\u00bb, a cargo del Dr. C. Rosell Guerra Campa\u00f1a, director de Energ\u00edas Renovables del Ministerio de Energ\u00eda y Minas de Cuba, en el Sal\u00f3n del hotel Meli\u00e1 Trinidad Pen\u00ednsula, dej\u00f3 oficialmente inaugurada este mi\u00e9rcoles la VIII Conferencia Cient\u00edfica Internacional Yayabociencia 2025.<\/p>\n<p>La convenci\u00f3n acoger\u00e1 en ese sitio, hasta el venidero d\u00eda 17 de octubre, a cerca de 400 ponentes nacionales y extranjeros, quienes compartir\u00e1n sus experiencias en materia de ciencia y tecnolog\u00eda.<\/p>\n<p><img decoding=\"async\" class=\"size-medium wp-image-55735 aligncenter\" src=\"https:\/\/www.radiosanctispiritus.cu\/es\/wp-content\/uploads\/IMG-20251015-WA0004-600x270.jpg\" alt=\"\" width=\"600\" height=\"270\" srcset=\"https:\/\/www.radiosanctispiritus.cu\/es\/wp-content\/uploads\/IMG-20251015-WA0004-600x270.jpg 600w, https:\/\/www.radiosanctispiritus.cu\/es\/wp-content\/uploads\/IMG-20251015-WA0004-1024x461.jpg 1024w, https:\/\/www.radiosanctispiritus.cu\/es\/wp-content\/uploads\/IMG-20251015-WA0004-768x346.jpg 768w, https:\/\/www.radiosanctispiritus.cu\/es\/wp-content\/uploads\/IMG-20251015-WA0004-1536x692.jpg 1536w, https:\/\/www.radiosanctispiritus.cu\/es\/wp-content\/uploads\/IMG-20251015-WA0004-2048x922.jpg 2048w\" sizes=\"(max-width: 600px) 100vw, 600px\" \/><\/p>\n<p style=\"text-align: left;\">El evento cuenta con un amplio programa, que prev\u00e9 la realizaci\u00f3n de m\u00e1s de una decena de talleres y paneles sobre diferentes l\u00edneas tem\u00e1ticas en dis\u00edmiles \u00e1reas del conocimiento.<\/p>\n<p><img decoding=\"async\" class=\"size-medium wp-image-55736 aligncenter\" src=\"https:\/\/www.radiosanctispiritus.cu\/es\/wp-content\/uploads\/IMG-20251015-WA0008-450x800.jpg\" alt=\"\" width=\"450\" height=\"800\" srcset=\"https:\/\/www.radiosanctispiritus.cu\/es\/wp-content\/uploads\/IMG-20251015-WA0008-450x800.jpg 450w, https:\/\/www.radiosanctispiritus.cu\/es\/wp-content\/uploads\/IMG-20251015-WA0008.jpg 567w\" sizes=\"(max-width: 450px) 100vw, 450px\" \/><\/p>\n<p style=\"text-align: left;\">Durante el intercambio acad\u00e9mico se concretar\u00e1n, adem\u00e1s, alianzas de cooperaci\u00f3n y se espera la firma de convenios de trabajo con otras universidades nacionales y extranjeras, que permitir\u00e1n a la casa de altos estudios de Sancti Sp\u00edritus continuar su crecimiento cient\u00edfico.<\/p>\n<p><img decoding=\"async\" class=\"size-medium wp-image-55737 aligncenter\" src=\"https:\/\/www.radiosanctispiritus.cu\/es\/wp-content\/uploads\/IMG-20251015-WA0005-600x270.jpg\" alt=\"\" width=\"600\" height=\"270\" srcset=\"https:\/\/www.radiosanctispiritus.cu\/es\/wp-content\/uploads\/IMG-20251015-WA0005-600x270.jpg 600w, https:\/\/www.radiosanctispiritus.cu\/es\/wp-content\/uploads\/IMG-20251015-WA0005-1024x461.jpg 1024w, https:\/\/www.radiosanctispiritus.cu\/es\/wp-content\/uploads\/IMG-20251015-WA0005-768x346.jpg 768w, https:\/\/www.radiosanctispiritus.cu\/es\/wp-content\/uploads\/IMG-20251015-WA0005-1536x692.jpg 1536w, https:\/\/www.radiosanctispiritus.cu\/es\/wp-content\/uploads\/IMG-20251015-WA0005-2048x922.jpg 2048w\" sizes=\"(max-width: 600px) 100vw, 600px\" \/><\/p>\n<p style=\"text-align: left;\">El programa de la VIII Conferencia Cient\u00edfica Internacional Yayabociencia 2025 incluye tambi\u00e9n la realizaci\u00f3n de la II Feria Expositiva 42 UNISS, con la participaci\u00f3n de representantes de empresas y actores econ\u00f3micos del territorio, as\u00ed como un f\u00f3rum de rectores procedentes de universidades cubanas y extranjeras.<\/p>\n<p><img decoding=\"async\" class=\"alignnone size-medium wp-image-55738\" src=\"https:\/\/www.radiosanctispiritus.cu\/es\/wp-content\/uploads\/IMG-20251015-WA0007-600x270.jpg\" alt=\"\" width=\"600\" height=\"270\" srcset=\"https:\/\/www.radiosanctispiritus.cu\/es\/wp-content\/uploads\/IMG-20251015-WA0007-600x270.jpg 600w, https:\/\/www.radiosanctispiritus.cu\/es\/wp-content\/uploads\/IMG-20251015-WA0007-1024x461.jpg 1024w, https:\/\/www.radiosanctispiritus.cu\/es\/wp-content\/uploads\/IMG-20251015-WA0007-768x346.jpg 768w, https:\/\/www.radiosanctispiritus.cu\/es\/wp-content\/uploads\/IMG-20251015-WA0007-1536x692.jpg 1536w, https:\/\/www.radiosanctispiritus.cu\/es\/wp-content\/uploads\/IMG-20251015-WA0007-2048x922.jpg 2048w\" sizes=\"(max-width: 600px) 100vw, 600px\" \/><\/p>\n<p style=\"text-align: left;\">Sin dudas, este ser\u00e1 un evento cient\u00edfico de gran magnitud, que permitir\u00e1 intercambiar buenas pr\u00e1cticas y proyectar formas de cooperaci\u00f3n internacional entre instituciones, entidades, organizaciones y universidades, tanto nacionales como de otros pa\u00edses.<\/p>\n","protected":false},"excerpt":{"rendered":"<p>La Conferencia \u00abTransici\u00f3n energ\u00e9tica en Cuba. Retos y oportunidades\u00bb, a cargo del Dr. C. Rosell Guerra Campa\u00f1a, director de Energ\u00edas Renovables del Ministerio de Energ\u00eda y Minas de Cuba, en el Sal\u00f3n del hotel Meli\u00e1 Trinidad Pen\u00ednsula, dej\u00f3 oficialmente inaugurada este mi\u00e9rcoles la VIII Conferencia Cient\u00edfica Internacional Yayabociencia 2025.<\/p>\n","protected":false},"author":8,"featured_media":55731,"comment_status":"open","ping_status":"open","sticky":false,"template":"","format":"standard","meta":{"_acf_changed":false,"footnotes":""},"categories":[8,14,1],"tags":[1639,54,656,1821,2037],"coauthors":[1917],"class_list":["post-55730","post","type-post","status-publish","format-standard","has-post-thumbnail","hentry","category-noticia","category-educacion","category-sancti-spiritus","tag-melia-trinidad-peninsula","tag-trinidad-de-cuba","tag-uniss","tag-universidad-de-sancti-spiritus-jose-marti","tag-yayabociencia"],"acf":[],"_links":{"self":[{"href":"https:\/\/www.radiosanctispiritus.cu\/es\/wp-json\/wp\/v2\/posts\/55730","targetHints":{"allow":["GET"]}}],"collection":[{"href":"https:\/\/www.radiosanctispiritus.cu\/es\/wp-json\/wp\/v2\/posts"}],"about":[{"href":"https:\/\/www.radiosanctispiritus.cu\/es\/wp-json\/wp\/v2\/types\/post"}],"author":[{"embeddable":true,"href":"https:\/\/www.radiosanctispiritus.cu\/es\/wp-json\/wp\/v2\/users\/8"}],"replies":[{"embeddable":true,"href":"https:\/\/www.radiosanctispiritus.cu\/es\/wp-json\/wp\/v2\/comments?post=55730"}],"version-history":[{"count":5,"href":"https:\/\/www.radiosanctispiritus.cu\/es\/wp-json\/wp\/v2\/posts\/55730\/revisions"}],"predecessor-version":[{"id":55740,"href":"https:\/\/www.radiosanctispiritus.cu\/es\/wp-json\/wp\/v2\/posts\/55730\/revisions\/55740"}],"wp:featuredmedia":[{"embeddable":true,"href":"https:\/\/www.radiosanctispiritus.cu\/es\/wp-json\/wp\/v2\/media\/55731"}],"wp:attachment":[{"href":"https:\/\/www.radiosanctispiritus.cu\/es\/wp-json\/wp\/v2\/media?parent=55730"}],"wp:term":[{"taxonomy":"category","embeddable":true,"href":"https:\/\/www.radiosanctispiritus.cu\/es\/wp-json\/wp\/v2\/categories?post=55730"},{"taxonomy":"post_tag","embeddable":true,"href":"https:\/\/www.radiosanctispiritus.cu\/es\/wp-json\/wp\/v2\/tags?post=55730"},{"taxonomy":"author","embeddable":true,"href":"https:\/\/www.radiosanctispiritus.cu\/es\/wp-json\/wp\/v2\/coauthors?post=55730"}],"curies":[{"name":"wp","href":"https:\/\/api.w.org\/{rel}","templated":true}]}}