{"id":55724,"date":"2025-10-15T04:35:03","date_gmt":"2025-10-15T08:35:03","guid":{"rendered":"https:\/\/www.radiosanctispiritus.cu\/es\/?p=55724"},"modified":"2025-10-15T06:10:23","modified_gmt":"2025-10-15T10:10:23","slug":"jaciel-el-corazon-en-cada-plato","status":"publish","type":"post","link":"https:\/\/www.radiosanctispiritus.cu\/es\/jaciel-el-corazon-en-cada-plato\/","title":{"rendered":"Jaciel: el coraz\u00f3n en cada plato"},"content":{"rendered":"<p>Es un joven trinitario de 35 a\u00f1os, adicto a la filosof\u00eda culinaria general desde temprana edad, que escogi\u00f3 trabajar como chef en el Hotel Meli\u00e1 Trinidad Pen\u00ednsula desde su fundaci\u00f3n.<\/p>\n<p>Jaciel, con un aspecto impecable, dirige un equipo de cuatro personas en su turno de trabajo, y en cada jornada trata de sacar su m\u00e1xima creatividad y transformar cada alimento en un plato estrella, aunque prefiere la comida tradicional cubana.<\/p>\n<p>Jaciel no se equivoc\u00f3 al escoger su profesi\u00f3n de cocinero y asegura que cada d\u00eda le pone coraz\u00f3n a cada receta que crea para los clientes del Hotel Meli\u00e1 Trinidad Pen\u00ednsula.<\/p>\n<p><iframe src=\"https:\/\/www.ivoox.com\/player_ej_160713771_6_1.html?c1=7a0d0b\" width=\"100%\" height=\"200\" frameborder=\"0\" scrolling=\"no\" allowfullscreen=\"allowfullscreen\"><\/iframe><\/p>\n","protected":false},"excerpt":{"rendered":"<p>Es un joven trinitario de 35 a\u00f1os, adicto a la filosof\u00eda culinaria general desde temprana edad, que escogi\u00f3 trabajar como chef en el Hotel Meli\u00e1 Trinidad Pen\u00ednsula desde su fundaci\u00f3n.<\/p>\n","protected":false},"author":166,"featured_media":55729,"comment_status":"open","ping_status":"open","sticky":false,"template":"","format":"standard","meta":{"_acf_changed":false,"footnotes":""},"categories":[9,8,1,1170],"tags":[1639,54,23],"coauthors":[1901],"class_list":["post-55724","post","type-post","status-publish","format-standard","has-post-thumbnail","hentry","category-en-audio","category-noticia","category-sancti-spiritus","category-turismo","tag-melia-trinidad-peninsula","tag-trinidad-de-cuba","tag-turismo"],"acf":[],"_links":{"self":[{"href":"https:\/\/www.radiosanctispiritus.cu\/es\/wp-json\/wp\/v2\/posts\/55724","targetHints":{"allow":["GET"]}}],"collection":[{"href":"https:\/\/www.radiosanctispiritus.cu\/es\/wp-json\/wp\/v2\/posts"}],"about":[{"href":"https:\/\/www.radiosanctispiritus.cu\/es\/wp-json\/wp\/v2\/types\/post"}],"author":[{"embeddable":true,"href":"https:\/\/www.radiosanctispiritus.cu\/es\/wp-json\/wp\/v2\/users\/166"}],"replies":[{"embeddable":true,"href":"https:\/\/www.radiosanctispiritus.cu\/es\/wp-json\/wp\/v2\/comments?post=55724"}],"version-history":[{"count":4,"href":"https:\/\/www.radiosanctispiritus.cu\/es\/wp-json\/wp\/v2\/posts\/55724\/revisions"}],"predecessor-version":[{"id":55728,"href":"https:\/\/www.radiosanctispiritus.cu\/es\/wp-json\/wp\/v2\/posts\/55724\/revisions\/55728"}],"wp:featuredmedia":[{"embeddable":true,"href":"https:\/\/www.radiosanctispiritus.cu\/es\/wp-json\/wp\/v2\/media\/55729"}],"wp:attachment":[{"href":"https:\/\/www.radiosanctispiritus.cu\/es\/wp-json\/wp\/v2\/media?parent=55724"}],"wp:term":[{"taxonomy":"category","embeddable":true,"href":"https:\/\/www.radiosanctispiritus.cu\/es\/wp-json\/wp\/v2\/categories?post=55724"},{"taxonomy":"post_tag","embeddable":true,"href":"https:\/\/www.radiosanctispiritus.cu\/es\/wp-json\/wp\/v2\/tags?post=55724"},{"taxonomy":"author","embeddable":true,"href":"https:\/\/www.radiosanctispiritus.cu\/es\/wp-json\/wp\/v2\/coauthors?post=55724"}],"curies":[{"name":"wp","href":"https:\/\/api.w.org\/{rel}","templated":true}]}}