{"id":55679,"date":"2025-10-14T14:51:48","date_gmt":"2025-10-14T18:51:48","guid":{"rendered":"https:\/\/www.radiosanctispiritus.cu\/es\/?p=55679"},"modified":"2025-10-14T16:15:24","modified_gmt":"2025-10-14T20:15:24","slug":"jornada-del-innovador-mueve-a-cabaiguan","status":"publish","type":"post","link":"https:\/\/www.radiosanctispiritus.cu\/es\/jornada-del-innovador-mueve-a-cabaiguan\/","title":{"rendered":"Jornada del Innovador mueve a Cabaigu\u00e1n"},"content":{"rendered":"<p>En la <a href=\"https:\/\/www.ecured.cu\/Refiner%C3%ADa_de_petr%C3%B3leo_Sergio_Soto\" target=\"_blank\" rel=\"noopener noreferrer nofollow\">Refiner\u00eda de Petr\u00f3leo Sergio Soto de Cabaigu\u00e1n<\/a> se celebra la jornada del innovador durante todo el mes de octubre, con un amplio plan de actividades que permitir\u00e1 agasajar la labor creativa de los aniristas.<\/p>\n<p>En este centro el Comit\u00e9 de Innovadores y Racionalizadores lo integran 52 trabajadores, y su presidente es Reinaldo Prida Rodr\u00edguez, quien en el contexto de la celebraci\u00f3n recibi\u00f3 el Premio al Innovador de Mayor Impacto Econ\u00f3mico en el 2025.<\/p>\n<p><iframe src=\"https:\/\/www.ivoox.com\/player_ej_160678400_6_1.html?c1=cca293\" width=\"100%\" height=\"200\" frameborder=\"0\" scrolling=\"no\" allowfullscreen=\"allowfullscreen\"><\/iframe><\/p>\n","protected":false},"excerpt":{"rendered":"<p>En la Refiner\u00eda de Petr\u00f3leo Sergio Soto de Cabaigu\u00e1n se celebra la jornada del innovador durante todo el mes de octubre, con un amplio plan de actividades que permitir\u00e1 agasajar la labor creativa de los aniristas.<\/p>\n","protected":false},"author":176,"featured_media":55680,"comment_status":"open","ping_status":"open","sticky":false,"template":"","format":"standard","meta":{"_acf_changed":false,"footnotes":""},"categories":[8,9],"tags":[],"coauthors":[1918],"class_list":["post-55679","post","type-post","status-publish","format-standard","has-post-thumbnail","hentry","category-noticia","category-en-audio"],"acf":[],"_links":{"self":[{"href":"https:\/\/www.radiosanctispiritus.cu\/es\/wp-json\/wp\/v2\/posts\/55679","targetHints":{"allow":["GET"]}}],"collection":[{"href":"https:\/\/www.radiosanctispiritus.cu\/es\/wp-json\/wp\/v2\/posts"}],"about":[{"href":"https:\/\/www.radiosanctispiritus.cu\/es\/wp-json\/wp\/v2\/types\/post"}],"author":[{"embeddable":true,"href":"https:\/\/www.radiosanctispiritus.cu\/es\/wp-json\/wp\/v2\/users\/176"}],"replies":[{"embeddable":true,"href":"https:\/\/www.radiosanctispiritus.cu\/es\/wp-json\/wp\/v2\/comments?post=55679"}],"version-history":[{"count":3,"href":"https:\/\/www.radiosanctispiritus.cu\/es\/wp-json\/wp\/v2\/posts\/55679\/revisions"}],"predecessor-version":[{"id":55705,"href":"https:\/\/www.radiosanctispiritus.cu\/es\/wp-json\/wp\/v2\/posts\/55679\/revisions\/55705"}],"wp:featuredmedia":[{"embeddable":true,"href":"https:\/\/www.radiosanctispiritus.cu\/es\/wp-json\/wp\/v2\/media\/55680"}],"wp:attachment":[{"href":"https:\/\/www.radiosanctispiritus.cu\/es\/wp-json\/wp\/v2\/media?parent=55679"}],"wp:term":[{"taxonomy":"category","embeddable":true,"href":"https:\/\/www.radiosanctispiritus.cu\/es\/wp-json\/wp\/v2\/categories?post=55679"},{"taxonomy":"post_tag","embeddable":true,"href":"https:\/\/www.radiosanctispiritus.cu\/es\/wp-json\/wp\/v2\/tags?post=55679"},{"taxonomy":"author","embeddable":true,"href":"https:\/\/www.radiosanctispiritus.cu\/es\/wp-json\/wp\/v2\/coauthors?post=55679"}],"curies":[{"name":"wp","href":"https:\/\/api.w.org\/{rel}","templated":true}]}}