{"id":55662,"date":"2025-10-13T22:32:23","date_gmt":"2025-10-14T02:32:23","guid":{"rendered":"https:\/\/www.radiosanctispiritus.cu\/es\/?p=55662"},"modified":"2025-10-13T22:32:23","modified_gmt":"2025-10-14T02:32:23","slug":"firman-garantes-plan-de-paz-para-gaza-durante-cumbre-en-egipto","status":"publish","type":"post","link":"https:\/\/www.radiosanctispiritus.cu\/es\/firman-garantes-plan-de-paz-para-gaza-durante-cumbre-en-egipto\/","title":{"rendered":"Firman garantes plan de paz para Gaza durante cumbre en Egipto"},"content":{"rendered":"<p>Egipto, Estados Unidos, T\u00fcrkiye y Qatar firmaron este lunes en Sharm El-Sheikh un plan de paz para finalizar la guerra en la Franja de Gaza, aunque a\u00fan quedan temas pendientes por definir como la gobernanza y el armamento de Hamas.<\/p>\n<p>Los presidentes egipcio, Abdel Fattah El-Sisi; estadounidense, Donald Trump, y turco, Recep Tayyip Erdo\u011fan, as\u00ed como el emir qatar\u00ed, Tamim bin Hamad Al Thani, rubricaron el documento como garantes de un compromiso alcanzado la pasada semana.<\/p>\n<p>La firma aconteci\u00f3 durante la llamada Cumbre de Paz, celebrada en este balneario egipcio con la presencia de una veintena de dirigentes internacionales, incluido Canad\u00e1, Francia, Alemania, Italia y Reino Unido.<\/p>\n<p>Que la guerra en Gaza sea la \u00faltima guerra en Oriente Medio, expres\u00f3 El-Sisi tras el acto y el comienzo de la cumbre, en la que no participan ni Israel ni el Movimiento de Resistencia Isl\u00e1mica palestino (Hamas).<\/p>\n<p>Por su parte, Trump afirm\u00f3 que la guerra termin\u00f3 tras dos a\u00f1os de agresi\u00f3n israel\u00ed al enclave costero, donde murieron m\u00e1s de 67 mil 800 palestinos y graves da\u00f1os materiales.<\/p>\n<p>El evento coincidi\u00f3 este lunes con el intercambio de prisioneros vivos entre Israel y Hamas, aunque a\u00fan quedan por intercambiar los cuerpos de numerosas v\u00edctimas de ambos lados.<\/p>\n<p>Seg\u00fan lo acordado en la primera etapa del alto el fuego, la milicia entregar\u00e1 los cad\u00e1veres de 28 israel\u00edes (ya entreg\u00f3 cuatro) a cambio de unos 360 cuerpos de palestinos que mantiene en su poder el vecino pa\u00eds.<\/p>\n<p>Pese a la reuni\u00f3n en Sharm y la firma del documento, todav\u00eda existen muchas interrogantes sobre la fase posterior, en especial el destino del armamento de Hamas y la gobernanza del enclave.<\/p>\n<p>La milicia acept\u00f3 entregar el poder tras 18 a\u00f1os de gobierno de Gaza, pero solo a un grupo de tecn\u00f3cratas palestinos y bajo ninguna circunstancia a un poder extranjero, como proyecta el plan de Trump.<\/p>\n<p>Adem\u00e1s, tambi\u00e9n rechaz\u00f3 el despliegue de fuerzas internacionales en el territorio y su desarme, aunque hay presiones de muchos pa\u00edses occidentales y \u00e1rabes, seg\u00fan la prensa regional.<\/p>\n","protected":false},"excerpt":{"rendered":"<p>Egipto, Estados Unidos, T\u00fcrkiye y Qatar firmaron este lunes en Sharm El-Sheikh un plan de paz para finalizar la guerra en la Franja de Gaza, aunque a\u00fan quedan temas pendientes por definir como la gobernanza y el armamento de Hamas.<\/p>\n","protected":false},"author":22,"featured_media":55663,"comment_status":"open","ping_status":"open","sticky":false,"template":"","format":"standard","meta":{"_acf_changed":false,"footnotes":""},"categories":[8,4],"tags":[1249,1962,1351,1018,1013],"coauthors":[1882],"class_list":["post-55662","post","type-post","status-publish","format-standard","has-post-thumbnail","hentry","category-noticia","category-internacionales","tag-donald-trump","tag-ee-uu","tag-franja-de-gaza","tag-gaza","tag-israel"],"acf":[],"_links":{"self":[{"href":"https:\/\/www.radiosanctispiritus.cu\/es\/wp-json\/wp\/v2\/posts\/55662","targetHints":{"allow":["GET"]}}],"collection":[{"href":"https:\/\/www.radiosanctispiritus.cu\/es\/wp-json\/wp\/v2\/posts"}],"about":[{"href":"https:\/\/www.radiosanctispiritus.cu\/es\/wp-json\/wp\/v2\/types\/post"}],"author":[{"embeddable":true,"href":"https:\/\/www.radiosanctispiritus.cu\/es\/wp-json\/wp\/v2\/users\/22"}],"replies":[{"embeddable":true,"href":"https:\/\/www.radiosanctispiritus.cu\/es\/wp-json\/wp\/v2\/comments?post=55662"}],"version-history":[{"count":1,"href":"https:\/\/www.radiosanctispiritus.cu\/es\/wp-json\/wp\/v2\/posts\/55662\/revisions"}],"predecessor-version":[{"id":55664,"href":"https:\/\/www.radiosanctispiritus.cu\/es\/wp-json\/wp\/v2\/posts\/55662\/revisions\/55664"}],"wp:featuredmedia":[{"embeddable":true,"href":"https:\/\/www.radiosanctispiritus.cu\/es\/wp-json\/wp\/v2\/media\/55663"}],"wp:attachment":[{"href":"https:\/\/www.radiosanctispiritus.cu\/es\/wp-json\/wp\/v2\/media?parent=55662"}],"wp:term":[{"taxonomy":"category","embeddable":true,"href":"https:\/\/www.radiosanctispiritus.cu\/es\/wp-json\/wp\/v2\/categories?post=55662"},{"taxonomy":"post_tag","embeddable":true,"href":"https:\/\/www.radiosanctispiritus.cu\/es\/wp-json\/wp\/v2\/tags?post=55662"},{"taxonomy":"author","embeddable":true,"href":"https:\/\/www.radiosanctispiritus.cu\/es\/wp-json\/wp\/v2\/coauthors?post=55662"}],"curies":[{"name":"wp","href":"https:\/\/api.w.org\/{rel}","templated":true}]}}