{"id":55621,"date":"2025-10-13T14:52:44","date_gmt":"2025-10-13T18:52:44","guid":{"rendered":"https:\/\/www.radiosanctispiritus.cu\/es\/?p=55621"},"modified":"2025-10-13T17:58:52","modified_gmt":"2025-10-13T21:58:52","slug":"prosigue-sector-turistico-debate-del-anteproyecto-de-codigo-de-trabajo","status":"publish","type":"post","link":"https:\/\/www.radiosanctispiritus.cu\/es\/prosigue-sector-turistico-debate-del-anteproyecto-de-codigo-de-trabajo\/","title":{"rendered":"Prosigue sector tur\u00edstico debate del anteproyecto de C\u00f3digo de Trabajo"},"content":{"rendered":"<p>El sector del turismo en Sancti Sp\u00edritus mantiene su cronograma de consulta del anteproyecto del C\u00f3digo de Trabajo en cada colectivo laboral.<\/p>\n<p>El Hotel Plaza de la ciudad espirituana sirvi\u00f3 de escenario para que trabajadores de ese complejo hotelero sometieran a debate el tabloide que garantiza la protecci\u00f3n de sus derechos.<\/p>\n<p><iframe src=\"https:\/\/www.ivoox.com\/player_ej_160514086_6_1.html?c1=7a0d0b\" width=\"100%\" height=\"200\" frameborder=\"0\" scrolling=\"no\" allowfullscreen=\"allowfullscreen\"><\/iframe><\/p>\n","protected":false},"excerpt":{"rendered":"<p>El sector del turismo en Sancti Sp\u00edritu mantiene su cronograma de consulta del anteproyecto del C\u00f3digo de Trabajo en cada colectivo laboral.<\/p>\n","protected":false},"author":166,"featured_media":54423,"comment_status":"open","ping_status":"open","sticky":false,"template":"","format":"standard","meta":{"_acf_changed":false,"footnotes":""},"categories":[8,9,1,1170],"tags":[],"coauthors":[1901],"class_list":["post-55621","post","type-post","status-publish","format-standard","has-post-thumbnail","hentry","category-noticia","category-en-audio","category-sancti-spiritus","category-turismo"],"acf":[],"_links":{"self":[{"href":"https:\/\/www.radiosanctispiritus.cu\/es\/wp-json\/wp\/v2\/posts\/55621","targetHints":{"allow":["GET"]}}],"collection":[{"href":"https:\/\/www.radiosanctispiritus.cu\/es\/wp-json\/wp\/v2\/posts"}],"about":[{"href":"https:\/\/www.radiosanctispiritus.cu\/es\/wp-json\/wp\/v2\/types\/post"}],"author":[{"embeddable":true,"href":"https:\/\/www.radiosanctispiritus.cu\/es\/wp-json\/wp\/v2\/users\/166"}],"replies":[{"embeddable":true,"href":"https:\/\/www.radiosanctispiritus.cu\/es\/wp-json\/wp\/v2\/comments?post=55621"}],"version-history":[{"count":3,"href":"https:\/\/www.radiosanctispiritus.cu\/es\/wp-json\/wp\/v2\/posts\/55621\/revisions"}],"predecessor-version":[{"id":55636,"href":"https:\/\/www.radiosanctispiritus.cu\/es\/wp-json\/wp\/v2\/posts\/55621\/revisions\/55636"}],"wp:featuredmedia":[{"embeddable":true,"href":"https:\/\/www.radiosanctispiritus.cu\/es\/wp-json\/wp\/v2\/media\/54423"}],"wp:attachment":[{"href":"https:\/\/www.radiosanctispiritus.cu\/es\/wp-json\/wp\/v2\/media?parent=55621"}],"wp:term":[{"taxonomy":"category","embeddable":true,"href":"https:\/\/www.radiosanctispiritus.cu\/es\/wp-json\/wp\/v2\/categories?post=55621"},{"taxonomy":"post_tag","embeddable":true,"href":"https:\/\/www.radiosanctispiritus.cu\/es\/wp-json\/wp\/v2\/tags?post=55621"},{"taxonomy":"author","embeddable":true,"href":"https:\/\/www.radiosanctispiritus.cu\/es\/wp-json\/wp\/v2\/coauthors?post=55621"}],"curies":[{"name":"wp","href":"https:\/\/api.w.org\/{rel}","templated":true}]}}