{"id":55523,"date":"2025-10-11T10:09:14","date_gmt":"2025-10-11T14:09:14","guid":{"rendered":"https:\/\/www.radiosanctispiritus.cu\/es\/?p=55523"},"modified":"2025-10-11T10:12:39","modified_gmt":"2025-10-11T14:12:39","slug":"cristina-fernandez-acoge-a-silvio-rodriguez","status":"publish","type":"post","link":"https:\/\/www.radiosanctispiritus.cu\/es\/cristina-fernandez-acoge-a-silvio-rodriguez\/","title":{"rendered":"Cristina Fern\u00e1ndez acoge a Silvio Rodr\u00edguez"},"content":{"rendered":"<p>La expresidenta argentina Cristina Fern\u00e1ndez acogi\u00f3 hoy en su departamento del barrio porte\u00f1o de Constituci\u00f3n al cantautor Silvio Rodr\u00edguez, quien brindar\u00e1 tres conciertos en el Movistar Arena, a partir de hoy.<\/p>\n<p>\u201cSilvio Rodr\u00edguez no requiere demasiada presentaci\u00f3n: genial cantautor y poeta cubano y militante comprometido con las causas justas en todo el mundo. Sus canciones nos marcaron a fuego como generaci\u00f3n y siguen deslumbrando por su belleza\u201d, destac\u00f3 la exdignataria en X.<\/p>\n<blockquote class=\"twitter-tweet\">\n<p dir=\"ltr\" lang=\"es\">Silvio Rodr\u00edguez no requiere demasiada presentaci\u00f3n: genial cantautor y poeta cubano y militante comprometido con las causas justas en todo el mundo. Sus canciones nos marcaron a fuego como generaci\u00f3n y siguen deslumbrando por su belleza.<\/p>\n<p>Silvio es exactamente eso\u2026 autor y\u2026 <a href=\"https:\/\/t.co\/oHKm230kYv\" target=\"_blank\" rel=\"noopener noreferrer nofollow\">pic.twitter.com\/oHKm230kYv<\/a><\/p>\n<p>\u2014 Cristina Kirchner (@CFKArgentina) <a href=\"https:\/\/twitter.com\/CFKArgentina\/status\/1976722857477493069?ref_src=twsrc%5Etfw\" target=\"_blank\" rel=\"noopener noreferrer nofollow\">October 10, 2025<\/a><\/p><\/blockquote>\n<p><script async src=\"https:\/\/platform.twitter.com\/widgets.js\" charset=\"utf-8\"><\/script><\/p>\n<p>\u201cSilvio es exactamente eso\u2026 autor y cantor de canciones bellas\u201d, elogi\u00f3 Cristina quien cumple prisi\u00f3n domiciliaria, adem\u00e1s de haber sido proscrita pol\u00edticamente.<\/p>\n<p>\u201cSilvio est\u00e1 de gira por Latinoam\u00e9rica y en nuestro pa\u00eds se presentar\u00e1 este fin de semana en el Movistar Arena. Tal vez no lo sepa nunca, pero ma\u00f1ana va a realizar un aut\u00e9ntico acto de desagravio a la m\u00fasica, al buen gusto\u2026 y a los o\u00eddos de millones de argentinos\u201d, se\u00f1al\u00f3 en alusi\u00f3n al bufonesco espect\u00e1culo del presidente Javier Milei el pasado lunes en esa misma instalaci\u00f3n.<\/p>\n<p>Adem\u00e1s de Argentina, ya estuvo en Chile y brindar\u00e1 conciertos en Uruguay, Per\u00fa y Colombia.<\/p>\n<p>\u201cHoy me visit\u00f3 en San Jos\u00e9 1111. Vino con su compa\u00f1era\u2026 Niurka Gonz\u00e1lez, reconocida flautista y clarinetista cubana. Fue muy lindo recibirlos y conversar con ellos\u201d, detall\u00f3.<\/p>\n<p>\u201cGracias Silvio por la visita, por tu apoyo y por tu solidaridad\u201d, concluy\u00f3 Cristina quien cerr\u00f3 su mensaje con un \u00edcono de coraz\u00f3n.<\/p>\n<p>Silvio \u00faltima hoy su primer concierto ma\u00f1ana s\u00e1bado, de tres previstos, en Argentina tras regresar luego de siete a\u00f1os como parte de una gira en la que se presentar\u00e1 en cinco pa\u00edses sudamericanos.<\/p>\n<p>El poeta, cantor y compositor, fundador de la Nueva Trova junto, entre otros, a Pablo Milan\u00e9s, Noel Nicola y Vicente Feli\u00fa, visit\u00f3 y actu\u00f3 por primera vez en Argentina hace cuatro d\u00e9cadas, en abril de 1984.<\/p>\n<p>En ese entonces \u2013recuerda Mauro Apicella para el diario La Naci\u00f3n- el furor popular por la m\u00fasica de la trova cubana, hizo que las siete funciones programadas del cantautor se convirtieran en 14 en el Estadio Obras.<\/p>\n<p>Silvio se present\u00f3 por \u00faltima vez en Buenos Aires en octubre de 2018. Esa vez hizo dos presentaciones en el estadio Luna Park, y, adem\u00e1s, ofreci\u00f3 un recital gratuito para 100 mil personas en Villa Dom\u00ednico.<\/p>\n<p>En su vocaci\u00f3n por los barrios tras arribar a suelo argentino se dirigi\u00f3 el jueves al Centro Cultural La Chicharra, una instituci\u00f3n popular en San Norberto, \u00e1rea de Cuartel V, la localidad m\u00e1s alejada del centro urbano del municipio bonaerense de Moreno.<\/p>\n<p>All\u00ed, guitarra en mano, cant\u00f3 y comparti\u00f3 con ni\u00f1os y j\u00f3venes, una nueva generaci\u00f3n que comienza conocer sus canciones, a identificarse con sus contenidos.<\/p>\n<p>A los 78 a\u00f1os Silvio \u201cno ha perdido las ma\u00f1as ni cierta mordacidad que, en este caso, tiene que ver con la defensa sincera de la palabra y la melod\u00eda\u201d, apostilla Apicella.<br \/>\nY rese\u00f1a que en la promoci\u00f3n del espect\u00e1culo advierte al p\u00fablico en un mensaje: \u201cImportante: este ser\u00e1 un concierto para entregarse al arte musical a trav\u00e9s de la canci\u00f3n, por lo cual no usaremos pantallas laterales. Gracias por su comprensi\u00f3n\u201d.<\/p>\n<p><em><strong>Tomado de <a href=\"https:\/\/cubasi.cu\/es\/noticia\/cristina-fernandez-acoge-silvio-rodriguez-agradece-su-amor-y-apoyo\" target=\"_blank\" rel=\"noopener noreferrer nofollow\">CubaS\u00ed<\/a><\/strong><\/em><\/p>\n","protected":false},"excerpt":{"rendered":"<p>La expresidenta argentina Cristina Fern\u00e1ndez acogi\u00f3 hoy en su departamento del barrio porte\u00f1o de Constituci\u00f3n al cantautor Silvio Rodr\u00edguez, quien brindar\u00e1 tres conciertos en el Movistar Arena, a partir de hoy.<\/p>\n","protected":false},"author":4,"featured_media":55524,"comment_status":"open","ping_status":"open","sticky":false,"template":"","format":"standard","meta":{"_acf_changed":false,"footnotes":""},"categories":[8,6,4],"tags":[1037,1741,952],"coauthors":[1883],"class_list":["post-55523","post","type-post","status-publish","format-standard","has-post-thumbnail","hentry","category-noticia","category-cultura","category-internacionales","tag-argentina","tag-musica-cubana","tag-silvio-rodriguez"],"acf":[],"_links":{"self":[{"href":"https:\/\/www.radiosanctispiritus.cu\/es\/wp-json\/wp\/v2\/posts\/55523","targetHints":{"allow":["GET"]}}],"collection":[{"href":"https:\/\/www.radiosanctispiritus.cu\/es\/wp-json\/wp\/v2\/posts"}],"about":[{"href":"https:\/\/www.radiosanctispiritus.cu\/es\/wp-json\/wp\/v2\/types\/post"}],"author":[{"embeddable":true,"href":"https:\/\/www.radiosanctispiritus.cu\/es\/wp-json\/wp\/v2\/users\/4"}],"replies":[{"embeddable":true,"href":"https:\/\/www.radiosanctispiritus.cu\/es\/wp-json\/wp\/v2\/comments?post=55523"}],"version-history":[{"count":4,"href":"https:\/\/www.radiosanctispiritus.cu\/es\/wp-json\/wp\/v2\/posts\/55523\/revisions"}],"predecessor-version":[{"id":55528,"href":"https:\/\/www.radiosanctispiritus.cu\/es\/wp-json\/wp\/v2\/posts\/55523\/revisions\/55528"}],"wp:featuredmedia":[{"embeddable":true,"href":"https:\/\/www.radiosanctispiritus.cu\/es\/wp-json\/wp\/v2\/media\/55524"}],"wp:attachment":[{"href":"https:\/\/www.radiosanctispiritus.cu\/es\/wp-json\/wp\/v2\/media?parent=55523"}],"wp:term":[{"taxonomy":"category","embeddable":true,"href":"https:\/\/www.radiosanctispiritus.cu\/es\/wp-json\/wp\/v2\/categories?post=55523"},{"taxonomy":"post_tag","embeddable":true,"href":"https:\/\/www.radiosanctispiritus.cu\/es\/wp-json\/wp\/v2\/tags?post=55523"},{"taxonomy":"author","embeddable":true,"href":"https:\/\/www.radiosanctispiritus.cu\/es\/wp-json\/wp\/v2\/coauthors?post=55523"}],"curies":[{"name":"wp","href":"https:\/\/api.w.org\/{rel}","templated":true}]}}