{"id":55514,"date":"2025-10-11T07:18:56","date_gmt":"2025-10-11T11:18:56","guid":{"rendered":"https:\/\/www.radiosanctispiritus.cu\/es\/?p=55514"},"modified":"2025-10-11T09:33:04","modified_gmt":"2025-10-11T13:33:04","slug":"reinicio-sus-operaciones-hotel-club-amigo-costa-sur-de-trinidad-de-cuba","status":"publish","type":"post","link":"https:\/\/www.radiosanctispiritus.cu\/es\/reinicio-sus-operaciones-hotel-club-amigo-costa-sur-de-trinidad-de-cuba\/","title":{"rendered":"Reinici\u00f3 sus operaciones Hotel Club Amigo Costa Sur, de Trinidad de Cuba"},"content":{"rendered":"<p>El Hotel Club Amigo Costa Sur, ubicado en Playa Mar\u00eda Aguilar, en la pen\u00ednsula de Anc\u00f3n del destino tur\u00edstico Trinidad de Cuba, reinici\u00f3 sus operaciones con un alto nivel de ocupaci\u00f3n, principalmente del mercado interno, tras tres meses de cierre para ejecutar mejoras en sus instalaciones e incorporar nuevos productos. Como primera instalaci\u00f3n inaugurada en la pen\u00ednsula el 25 de julio de 1975, el centro tur\u00edstico \u2014categor\u00eda tres estrellas del Grupo Cubanac\u00e1n\u2014 vuelve a abrir sus puertas con renovado impulso y una oferta ampliada que incluye la estrella de esta reapertura: una nueva discoteca dise\u00f1ada con elevado confort y equipamiento moderno. <\/p>\n<p>Seg\u00fan Edgar Ruiz Pereira, director del hotel, la reapertura se realiza con 60 habitaciones totalmente operativas, distribuidas en dos m\u00f3dulos: 20 bungalows y 39 habitaciones del \u201cm\u00f3dulo tropical\u201d, adem\u00e1s de una habitaci\u00f3n adaptada para clientes con capacidades especiales ubicada en el \u00e1rea est\u00e1ndar. \u201cEstamos abriendo con 60 habitaciones totalmente en orden; el resto est\u00e1 en proyecci\u00f3n para una reparaci\u00f3n capital, de la cual tenemos ya un prototipo y una propuesta para los inversionistas que vayan a ejecutar\u201d, explic\u00f3. El objetivo del equipo directivo y los trabajadores es mantener el distintivo sello Club Amigo, reconocido por su atenci\u00f3n personalizada, calidad en los servicios, calidez familiar y otros est\u00e1ndares que fomentan la fidelidad de visitantes nacionales y extranjeros. <\/p>\n<p>La reapertura estrat\u00e9gicamente anticipada \u2014antes del inicio de la temporada alta internacional el 1\u00ba de noviembre\u2014 permite consolidar la presencia en el mercado for\u00e1neo. Ya han confirmado su participaci\u00f3n agencias internacionales como Sol y Arena (Alemania), Sunwing (Canad\u00e1), Amistur y otras, lo que refleja la confianza en este emblem\u00e1tico destino de sol y playa. A pocos metros del hotel se encuentra la piscina natural, un atractivo \u00fanico que invita a los hu\u00e9spedes a disfrutar de las cristalinas aguas del Caribe. <\/p>\n<p>La renovaci\u00f3n de las \u00e1reas comunes fue posible gracias a la activa participaci\u00f3n de actores econ\u00f3micos del sector no estatal, quienes intervinieron en la modernizaci\u00f3n del restaurante-buffet, la instalaci\u00f3n de soleadores en la playa, la reestructuraci\u00f3n de la jardiner\u00eda y los retoques de pintura en el lobby. La reinauguraci\u00f3n cont\u00f3 con la presencia de los primeros hu\u00e9spedes que eligieron el reestreno del hotel, as\u00ed como de directivos del sector tur\u00edstico encabezados por Yordanis Fern\u00e1ndez Alonso, delegado del Ministro del Turismo en Sancti Sp\u00edritus, en una jornada que marc\u00f3 el regreso de una de las referencias m\u00e1s queridas del turismo en Trinidad.<\/p>\n<p><iframe src=\"https:\/\/www.ivoox.com\/player_ej_160487595_6_1.html?c1=7a0d0b\" width=\"100%\" height=\"200\" frameborder=\"0\" allowfullscreen=\"\" scrolling=\"no\" loading=\"lazy\"><\/iframe><\/p>\n","protected":false},"excerpt":{"rendered":"<p>La reapertura estrat\u00e9gicamente, anticipada antes del inicio de la temporada alta internacional el 1\u00ba de noviembre, permite consolidar la presencia en el mercado for\u00e1neo.<\/p>\n","protected":false},"author":145,"featured_media":31046,"comment_status":"open","ping_status":"open","sticky":false,"template":"","format":"standard","meta":{"_acf_changed":false,"footnotes":""},"categories":[8,9,1,1170],"tags":[2010,2068,23],"coauthors":[1886],"class_list":["post-55514","post","type-post","status-publish","format-standard","has-post-thumbnail","hentry","category-noticia","category-en-audio","category-sancti-spiritus","category-turismo","tag-grupo-hotelero-cubanacan","tag-hotel-costa-sur","tag-turismo"],"acf":[],"_links":{"self":[{"href":"https:\/\/www.radiosanctispiritus.cu\/es\/wp-json\/wp\/v2\/posts\/55514","targetHints":{"allow":["GET"]}}],"collection":[{"href":"https:\/\/www.radiosanctispiritus.cu\/es\/wp-json\/wp\/v2\/posts"}],"about":[{"href":"https:\/\/www.radiosanctispiritus.cu\/es\/wp-json\/wp\/v2\/types\/post"}],"author":[{"embeddable":true,"href":"https:\/\/www.radiosanctispiritus.cu\/es\/wp-json\/wp\/v2\/users\/145"}],"replies":[{"embeddable":true,"href":"https:\/\/www.radiosanctispiritus.cu\/es\/wp-json\/wp\/v2\/comments?post=55514"}],"version-history":[{"count":1,"href":"https:\/\/www.radiosanctispiritus.cu\/es\/wp-json\/wp\/v2\/posts\/55514\/revisions"}],"predecessor-version":[{"id":55515,"href":"https:\/\/www.radiosanctispiritus.cu\/es\/wp-json\/wp\/v2\/posts\/55514\/revisions\/55515"}],"wp:featuredmedia":[{"embeddable":true,"href":"https:\/\/www.radiosanctispiritus.cu\/es\/wp-json\/wp\/v2\/media\/31046"}],"wp:attachment":[{"href":"https:\/\/www.radiosanctispiritus.cu\/es\/wp-json\/wp\/v2\/media?parent=55514"}],"wp:term":[{"taxonomy":"category","embeddable":true,"href":"https:\/\/www.radiosanctispiritus.cu\/es\/wp-json\/wp\/v2\/categories?post=55514"},{"taxonomy":"post_tag","embeddable":true,"href":"https:\/\/www.radiosanctispiritus.cu\/es\/wp-json\/wp\/v2\/tags?post=55514"},{"taxonomy":"author","embeddable":true,"href":"https:\/\/www.radiosanctispiritus.cu\/es\/wp-json\/wp\/v2\/coauthors?post=55514"}],"curies":[{"name":"wp","href":"https:\/\/api.w.org\/{rel}","templated":true}]}}