{"id":55456,"date":"2025-10-10T10:02:30","date_gmt":"2025-10-10T14:02:30","guid":{"rendered":"https:\/\/www.radiosanctispiritus.cu\/es\/?p=55456"},"modified":"2025-10-10T10:02:30","modified_gmt":"2025-10-10T14:02:30","slug":"gaza-vive-su-primer-dia-de-tregua-se-activa-complejo-canje-de-rehenes-por-centenares-de-prisioneros-palestinos","status":"publish","type":"post","link":"https:\/\/www.radiosanctispiritus.cu\/es\/gaza-vive-su-primer-dia-de-tregua-se-activa-complejo-canje-de-rehenes-por-centenares-de-prisioneros-palestinos\/","title":{"rendered":"Gaza vive su primer d\u00eda de tregua: Se activa complejo canje de rehenes por centenares de prisioneros palestinos"},"content":{"rendered":"<p class=\"ds-markdown-paragraph\">Un acuerdo de alto al fuego, negociado de manera indirecta y mediado por Egipto, Qatar, Estados Unidos y T\u00fcrkiye, entr\u00f3 en vigor este viernes a las 12:00 hora local en la Franja de Gaza. Las Fuerzas de Defensa de Israel (FDI) confirmaron el inicio del cese al fuego, anunciando que sus tropas hab\u00edan comenzado a replegarse de ciertas zonas acordadas hacia \u201cl\u00edneas de despliegue actualizadas\u201d.<\/p>\n<p class=\"ds-markdown-paragraph\">El convenio, que constituye la primera fase de un plan de paz m\u00e1s amplio, se centra en tres pilares inmediatos: <strong>el cese de las hostilidades, el retiro de las tropas israel\u00edes de \u00e1reas espec\u00edficas y un complejo intercambio de prisioneros.<\/strong><\/p>\n<p class=\"ds-markdown-paragraph\">Seg\u00fan los t\u00e9rminos basados en la propuesta estadounidense, se establece un plazo de 72 horas para la liberaci\u00f3n de todos los rehenes que a\u00fan permanecen con vida en Gaza, estimados en aproximadamente 20. A cambio, Israel deber\u00e1 liberar a 250 prisioneros palestinos condenados a cadena perpetua y a otros 1 700 gazat\u00edes detenidos despu\u00e9s del 7 de octubre de 2023. Para los miembros de Ham\u00e1s que acepten deponer las armas, se contempla una amnist\u00eda.<\/p>\n<p class=\"ds-markdown-paragraph\">El primer ministro israel\u00ed, Benjam\u00edn Netanyahu, expres\u00f3 en sus redes sociales la esperanza de que el acuerdo permita el regreso de todos los rehenes a sus hogares. Por su parte, Ham\u00e1s, si bien celebr\u00f3 el logro, inst\u00f3 a la comunidad internacional a \u201cobligar\u201d a Israel a cumplir plenamente con lo pactado y reafirm\u00f3 su compromiso con \u201cla libertad, la independencia y la autodeterminaci\u00f3n\u201d del pueblo palestino.<\/p>\n<p class=\"ds-markdown-paragraph\">El camino hacia este alto al fuego no estuvo exento de tensiones. Horas antes de que entrara en vigor, Ham\u00e1s denunci\u00f3 que Israel hab\u00eda perpetrado una masacre en el oeste de la ciudad de Gaza, un incidente que, seg\u00fan el movimiento, buscaba sembrar la confusi\u00f3n y obstaculizar las negociaciones. El Ej\u00e9rcito israel\u00ed, por su parte, justific\u00f3 sus acciones como un ataque dirigido contra una unidad de combatientes de Ham\u00e1s.<\/p>\n<p class=\"ds-markdown-paragraph\">Este alto al fuego busca poner punto final a un conflicto de m\u00e1s de dos a\u00f1os que, seg\u00fan el Ministerio de Salud de Gaza, ha dejado un saldo devastador de al menos 67 183 palestinos muertos y 169 841 heridos, adem\u00e1s de una crisis humanitaria severa marcada por una escasez extrema de alimentos y servicios b\u00e1sicos para la poblaci\u00f3n civil.<\/p>\n<p><em><strong>Tomado de <a href=\"http:\/\/www.cubadebate.cu\/noticias\/2025\/10\/10\/gaza-vive-su-primer-dia-de-tregua-se-activa-complejo-canje-de-rehenes-por-centenares-de-prisioneros-palestinos\/\" target=\"_blank\" rel=\"noopener noreferrer nofollow\">Cubadebate<\/a>, con informaci\u00f3n de RT en Espa\u00f1ol y teleSUR<\/strong><\/em><\/p>\n","protected":false},"excerpt":{"rendered":"<p>El convenio, que constituye la primera fase de un plan de paz m\u00e1s amplio, se centra en tres pilares inmediatos: el cese de las hostilidades, el retiro de las tropas israel\u00edes de \u00e1reas espec\u00edficas y un complejo intercambio de prisioneros.<\/p>\n","protected":false},"author":4,"featured_media":55457,"comment_status":"open","ping_status":"open","sticky":false,"template":"","format":"standard","meta":{"_acf_changed":false,"footnotes":""},"categories":[8,4],"tags":[2059,1353,1013,1354,27],"coauthors":[1883],"class_list":["post-55456","post","type-post","status-publish","format-standard","has-post-thumbnail","hentry","category-noticia","category-internacionales","tag-cubadebate","tag-guerra","tag-israel","tag-palestina","tag-telesur"],"acf":[],"_links":{"self":[{"href":"https:\/\/www.radiosanctispiritus.cu\/es\/wp-json\/wp\/v2\/posts\/55456","targetHints":{"allow":["GET"]}}],"collection":[{"href":"https:\/\/www.radiosanctispiritus.cu\/es\/wp-json\/wp\/v2\/posts"}],"about":[{"href":"https:\/\/www.radiosanctispiritus.cu\/es\/wp-json\/wp\/v2\/types\/post"}],"author":[{"embeddable":true,"href":"https:\/\/www.radiosanctispiritus.cu\/es\/wp-json\/wp\/v2\/users\/4"}],"replies":[{"embeddable":true,"href":"https:\/\/www.radiosanctispiritus.cu\/es\/wp-json\/wp\/v2\/comments?post=55456"}],"version-history":[{"count":2,"href":"https:\/\/www.radiosanctispiritus.cu\/es\/wp-json\/wp\/v2\/posts\/55456\/revisions"}],"predecessor-version":[{"id":55459,"href":"https:\/\/www.radiosanctispiritus.cu\/es\/wp-json\/wp\/v2\/posts\/55456\/revisions\/55459"}],"wp:featuredmedia":[{"embeddable":true,"href":"https:\/\/www.radiosanctispiritus.cu\/es\/wp-json\/wp\/v2\/media\/55457"}],"wp:attachment":[{"href":"https:\/\/www.radiosanctispiritus.cu\/es\/wp-json\/wp\/v2\/media?parent=55456"}],"wp:term":[{"taxonomy":"category","embeddable":true,"href":"https:\/\/www.radiosanctispiritus.cu\/es\/wp-json\/wp\/v2\/categories?post=55456"},{"taxonomy":"post_tag","embeddable":true,"href":"https:\/\/www.radiosanctispiritus.cu\/es\/wp-json\/wp\/v2\/tags?post=55456"},{"taxonomy":"author","embeddable":true,"href":"https:\/\/www.radiosanctispiritus.cu\/es\/wp-json\/wp\/v2\/coauthors?post=55456"}],"curies":[{"name":"wp","href":"https:\/\/api.w.org\/{rel}","templated":true}]}}