{"id":55415,"date":"2025-10-09T22:58:04","date_gmt":"2025-10-10T02:58:04","guid":{"rendered":"https:\/\/www.radiosanctispiritus.cu\/es\/?p=55415"},"modified":"2025-10-09T23:02:45","modified_gmt":"2025-10-10T03:02:45","slug":"muestra-expositiva-dedicada-a-camilo-y-che-en-la-sierpe","status":"publish","type":"post","link":"https:\/\/www.radiosanctispiritus.cu\/es\/muestra-expositiva-dedicada-a-camilo-y-che-en-la-sierpe\/","title":{"rendered":"Muestra expositiva dedicada a Camilo y Che en La Sierpe"},"content":{"rendered":"<p>\u00abCamilo y Che en la numism\u00e1tica\u00bb es el nombre de la exposici\u00f3n que dedica el Museo General Municipal de La Sierpe a la conmemoraci\u00f3n de los aniversarios 66 de la desaparici\u00f3n f\u00edsica del H\u00e9roe de Yaguajay y el 58 de la ca\u00edda en combate en Bolivia del Guerrillero Heroico.<\/p>\n<p>La conforman billetes y monedas de diferentes valores del Banco Nacional de Cuba, editados desde 1961 hasta las m\u00e1s recientes.<\/p>\n<p>Entre ellas se puede apreciar la efinge de Camilo en billetes de 20 pesos y monedas de 40 centavos actualmente fueras de circulaci\u00f3n y la del Che en las correspondientes a las que m\u00e1s tarde surgieron con el valor de 3 pesos.<\/p>\n<p>Tambi\u00e9n la acompa\u00f1an plegables con la remembranza hist\u00f3rica de estos revolucionarios que lucharon en el ej\u00e9rcito rebelde junto al Comandante en Jefe.<\/p>\n<p>En el marco de la jornada Camilo y Che del 8 al 28 de octubre En La Sierpe se realizan tambi\u00e9n diferentes actividades conmemorativas entre ellas conversatorios, charlas y presentaci\u00f3n de art\u00edculos y libros que guardan estrecha relaci\u00f3n con la vida y obra de estos grandes patriotas.<\/p>\n<p><iframe src=\"https:\/\/www.ivoox.com\/player_ej_160438674_6_1.html?c1=7a0d0b\" width=\"100%\" height=\"200\" frameborder=\"0\" allowfullscreen=\"\" scrolling=\"no\" loading=\"lazy\"><\/iframe><\/p>\n","protected":false},"excerpt":{"rendered":"<p>\u00abCamilo y Che en la numism\u00e1tica\u00bb es el nombre de la exposici\u00f3n que dedica el Museo General Municipal de La Sierpe a la conmemoraci\u00f3n de los aniversarios 66 de la desaparici\u00f3n f\u00edsica del h\u00e9roe de Yaguajay y el 58 de la ca\u00edda en combate en Bolivia del guerrillero heroico.<\/p>\n","protected":false},"author":136,"featured_media":55418,"comment_status":"open","ping_status":"open","sticky":false,"template":"","format":"standard","meta":{"_acf_changed":false,"footnotes":""},"categories":[6],"tags":[435,441,1838,788,1594],"coauthors":[1875],"class_list":["post-55415","post","type-post","status-publish","format-standard","has-post-thumbnail","hentry","category-cultura","tag-camilo-cienfuegos","tag-ernesto-che-guevara","tag-exposicion","tag-la-sierpe","tag-museo"],"acf":[],"_links":{"self":[{"href":"https:\/\/www.radiosanctispiritus.cu\/es\/wp-json\/wp\/v2\/posts\/55415","targetHints":{"allow":["GET"]}}],"collection":[{"href":"https:\/\/www.radiosanctispiritus.cu\/es\/wp-json\/wp\/v2\/posts"}],"about":[{"href":"https:\/\/www.radiosanctispiritus.cu\/es\/wp-json\/wp\/v2\/types\/post"}],"author":[{"embeddable":true,"href":"https:\/\/www.radiosanctispiritus.cu\/es\/wp-json\/wp\/v2\/users\/136"}],"replies":[{"embeddable":true,"href":"https:\/\/www.radiosanctispiritus.cu\/es\/wp-json\/wp\/v2\/comments?post=55415"}],"version-history":[{"count":2,"href":"https:\/\/www.radiosanctispiritus.cu\/es\/wp-json\/wp\/v2\/posts\/55415\/revisions"}],"predecessor-version":[{"id":55420,"href":"https:\/\/www.radiosanctispiritus.cu\/es\/wp-json\/wp\/v2\/posts\/55415\/revisions\/55420"}],"wp:featuredmedia":[{"embeddable":true,"href":"https:\/\/www.radiosanctispiritus.cu\/es\/wp-json\/wp\/v2\/media\/55418"}],"wp:attachment":[{"href":"https:\/\/www.radiosanctispiritus.cu\/es\/wp-json\/wp\/v2\/media?parent=55415"}],"wp:term":[{"taxonomy":"category","embeddable":true,"href":"https:\/\/www.radiosanctispiritus.cu\/es\/wp-json\/wp\/v2\/categories?post=55415"},{"taxonomy":"post_tag","embeddable":true,"href":"https:\/\/www.radiosanctispiritus.cu\/es\/wp-json\/wp\/v2\/tags?post=55415"},{"taxonomy":"author","embeddable":true,"href":"https:\/\/www.radiosanctispiritus.cu\/es\/wp-json\/wp\/v2\/coauthors?post=55415"}],"curies":[{"name":"wp","href":"https:\/\/api.w.org\/{rel}","templated":true}]}}