{"id":55376,"date":"2025-10-09T09:43:44","date_gmt":"2025-10-09T13:43:44","guid":{"rendered":"https:\/\/www.radiosanctispiritus.cu\/es\/?p=55376"},"modified":"2025-10-09T09:44:56","modified_gmt":"2025-10-09T13:44:56","slug":"espirituanos-reafirmaron-solidaridad-con-el-pueblo-palestino-en-tribuna-antiimperialista","status":"publish","type":"post","link":"https:\/\/www.radiosanctispiritus.cu\/es\/espirituanos-reafirmaron-solidaridad-con-el-pueblo-palestino-en-tribuna-antiimperialista\/","title":{"rendered":"Espirituanos reafirmaron solidaridad con el pueblo palestino en Tribuna Antiimperialista (+fotos)"},"content":{"rendered":"<p>Con un marcado sentido de compromiso y justicia, el parque Seraf\u00edn S\u00e1nchez Valdivia, de la ciudad de Sancti Sp\u00edritus, acogi\u00f3 una Tribuna Antiimperialista dedicada a la causa del pueblo palestino y a la defensa de su derecho a la paz y la autodeterminaci\u00f3n.<\/p>\n<p>La jornada reuni\u00f3 a autoridades del Partido, el Gobierno y diversas organizaciones de masas, en un gesto de apoyo desde Sancti Sp\u00edritus hacia la naci\u00f3n \u00e1rabe, v\u00edctima durante d\u00e9cadas de agresiones y sufrimientos que han conmovido a la comunidad internacional.<\/p>\n<p><img decoding=\"async\" class=\"size-medium wp-image-55380 aligncenter\" src=\"https:\/\/www.radiosanctispiritus.cu\/es\/wp-content\/uploads\/WhatsApp-Image-2025-10-09-at-9.28.15-AM-600x338.jpeg\" alt=\"\" width=\"600\" height=\"338\" srcset=\"https:\/\/www.radiosanctispiritus.cu\/es\/wp-content\/uploads\/WhatsApp-Image-2025-10-09-at-9.28.15-AM-600x338.jpeg 600w, https:\/\/www.radiosanctispiritus.cu\/es\/wp-content\/uploads\/WhatsApp-Image-2025-10-09-at-9.28.15-AM-768x432.jpeg 768w, https:\/\/www.radiosanctispiritus.cu\/es\/wp-content\/uploads\/WhatsApp-Image-2025-10-09-at-9.28.15-AM-960x540.jpeg 960w, https:\/\/www.radiosanctispiritus.cu\/es\/wp-content\/uploads\/WhatsApp-Image-2025-10-09-at-9.28.15-AM-605x340.jpeg 605w, https:\/\/www.radiosanctispiritus.cu\/es\/wp-content\/uploads\/WhatsApp-Image-2025-10-09-at-9.28.15-AM-290x163.jpeg 290w, https:\/\/www.radiosanctispiritus.cu\/es\/wp-content\/uploads\/WhatsApp-Image-2025-10-09-at-9.28.15-AM-460x259.jpeg 460w, https:\/\/www.radiosanctispiritus.cu\/es\/wp-content\/uploads\/WhatsApp-Image-2025-10-09-at-9.28.15-AM.jpeg 1020w\" sizes=\"(max-width: 600px) 100vw, 600px\" \/><\/p>\n<p>Presidieron el acto Deivy P\u00e9rez Mart\u00edn, miembro del Comit\u00e9 Central del Partido y primera secretaria en la provincia, y Alexis Lorente Jim\u00e9nez, gobernador del territorio, junto a representantes de las Fuerzas Armadas Revolucionarias, el Ministerio del Interior y el Instituto Cubano de Amistad con los Pueblos.<\/p>\n<div id=\"attachment_55379\" style=\"width: 460px\" class=\"wp-caption aligncenter\"><img decoding=\"async\" aria-describedby=\"caption-attachment-55379\" class=\"size-medium wp-image-55379\" src=\"https:\/\/www.radiosanctispiritus.cu\/es\/wp-content\/uploads\/WhatsApp-Image-2025-10-09-at-9.28.24-AM-450x800.jpeg\" alt=\"Doctora Yilianni Yera Mar\u00edn, especialista de primer grado en Oftalmolog\u00eda y secretaria del Comit\u00e9 de la Uni\u00f3n de J\u00f3venes Comunistas del Hospital General \u201cCamilo Cienfuegos\u201d, de Sancti Sp\u00edritus. Foto: Luis Antonio Salabarr\u00eda Meli\u00e1n\" width=\"450\" height=\"800\" srcset=\"https:\/\/www.radiosanctispiritus.cu\/es\/wp-content\/uploads\/WhatsApp-Image-2025-10-09-at-9.28.24-AM-450x800.jpeg 450w, https:\/\/www.radiosanctispiritus.cu\/es\/wp-content\/uploads\/WhatsApp-Image-2025-10-09-at-9.28.24-AM.jpeg 574w\" sizes=\"(max-width: 450px) 100vw, 450px\" \/><p id=\"caption-attachment-55379\" class=\"wp-caption-text\">Doctora Yilianni Yera Mar\u00edn, especialista de primer grado en Oftalmolog\u00eda y secretaria del Comit\u00e9 de la Uni\u00f3n de J\u00f3venes Comunistas del Hospital General \u201cCamilo Cienfuegos\u201d, de Sancti Sp\u00edritus. Foto: Luis Antonio Salabarr\u00eda Meli\u00e1n<\/p><\/div>\n<p>La doctora Yilianni Yera Mar\u00edn, especialista de primer grado en Oftalmolog\u00eda y secretaria del Comit\u00e9 de la Uni\u00f3n de J\u00f3venes Comunistas del Hospital General Provincial Camilo Cienfuegos, de Sancti Sp\u00edritus, intervino para destacar el rol solidario de Cuba y el deber moral de denunciar los cr\u00edmenes que han afectado a millones de palestinos.<\/p>\n<div id=\"attachment_55381\" style=\"width: 610px\" class=\"wp-caption aligncenter\"><img decoding=\"async\" aria-describedby=\"caption-attachment-55381\" class=\"size-medium wp-image-55381\" src=\"https:\/\/www.radiosanctispiritus.cu\/es\/wp-content\/uploads\/WhatsApp-Image-2025-10-09-at-9.28.24-AM1-600x338.jpeg\" alt=\"\" width=\"600\" height=\"338\" srcset=\"https:\/\/www.radiosanctispiritus.cu\/es\/wp-content\/uploads\/WhatsApp-Image-2025-10-09-at-9.28.24-AM1-600x338.jpeg 600w, https:\/\/www.radiosanctispiritus.cu\/es\/wp-content\/uploads\/WhatsApp-Image-2025-10-09-at-9.28.24-AM1-768x432.jpeg 768w, https:\/\/www.radiosanctispiritus.cu\/es\/wp-content\/uploads\/WhatsApp-Image-2025-10-09-at-9.28.24-AM1-960x540.jpeg 960w, https:\/\/www.radiosanctispiritus.cu\/es\/wp-content\/uploads\/WhatsApp-Image-2025-10-09-at-9.28.24-AM1-605x340.jpeg 605w, https:\/\/www.radiosanctispiritus.cu\/es\/wp-content\/uploads\/WhatsApp-Image-2025-10-09-at-9.28.24-AM1-290x163.jpeg 290w, https:\/\/www.radiosanctispiritus.cu\/es\/wp-content\/uploads\/WhatsApp-Image-2025-10-09-at-9.28.24-AM1-460x259.jpeg 460w, https:\/\/www.radiosanctispiritus.cu\/es\/wp-content\/uploads\/WhatsApp-Image-2025-10-09-at-9.28.24-AM1.jpeg 1020w\" sizes=\"(max-width: 600px) 100vw, 600px\" \/><p id=\"caption-attachment-55381\" class=\"wp-caption-text\">Lester Rodr\u00edguez Acosta, delegado del Instituto Cubano de Amistad con los Pueblos en Sancti Sp\u00edritus. Foto: Luis Antonio Salabarr\u00eda Meli\u00e1n<\/p><\/div>\n<p>El acto simboliz\u00f3 la uni\u00f3n de los espirituanos con millones de voces que claman en todo el mundo por el fin de la ocupaci\u00f3n, la violencia y la violaci\u00f3n de los derechos humanos de la naci\u00f3n palestina, y reafirm\u00f3 el derecho de todo pueblo a vivir con dignidad.<\/p>\n<p>En el encuentro se reiter\u00f3 la postura defendida por el Primer Secretario del Comit\u00e9 Central del Partido y Presidente de la Rep\u00fablica, Miguel D\u00edaz-Canel Berm\u00fadez, quien ha condenado de manera categ\u00f3rica los bombardeos contra la poblaci\u00f3n civil en Gaza y la destrucci\u00f3n de viviendas, hospitales e infraestructuras esenciales.<\/p>\n<div id=\"attachment_55378\" style=\"width: 610px\" class=\"wp-caption aligncenter\"><img decoding=\"async\" aria-describedby=\"caption-attachment-55378\" class=\"size-medium wp-image-55378\" src=\"https:\/\/www.radiosanctispiritus.cu\/es\/wp-content\/uploads\/WhatsApp-Image-2025-10-09-at-9.28.14-AM-600x338.jpeg\" alt=\"D\u00fao Brianna y Dail\u00edn ofreci\u00f3 una versi\u00f3n del tema \u201cPeque\u00f1a serenata diurna\u201d, de Silvio Rodr\u00edguez.\" width=\"600\" height=\"338\" srcset=\"https:\/\/www.radiosanctispiritus.cu\/es\/wp-content\/uploads\/WhatsApp-Image-2025-10-09-at-9.28.14-AM-600x338.jpeg 600w, https:\/\/www.radiosanctispiritus.cu\/es\/wp-content\/uploads\/WhatsApp-Image-2025-10-09-at-9.28.14-AM-768x432.jpeg 768w, https:\/\/www.radiosanctispiritus.cu\/es\/wp-content\/uploads\/WhatsApp-Image-2025-10-09-at-9.28.14-AM-960x540.jpeg 960w, https:\/\/www.radiosanctispiritus.cu\/es\/wp-content\/uploads\/WhatsApp-Image-2025-10-09-at-9.28.14-AM-605x340.jpeg 605w, https:\/\/www.radiosanctispiritus.cu\/es\/wp-content\/uploads\/WhatsApp-Image-2025-10-09-at-9.28.14-AM-290x163.jpeg 290w, https:\/\/www.radiosanctispiritus.cu\/es\/wp-content\/uploads\/WhatsApp-Image-2025-10-09-at-9.28.14-AM-460x259.jpeg 460w, https:\/\/www.radiosanctispiritus.cu\/es\/wp-content\/uploads\/WhatsApp-Image-2025-10-09-at-9.28.14-AM.jpeg 1020w\" sizes=\"(max-width: 600px) 100vw, 600px\" \/><p id=\"caption-attachment-55378\" class=\"wp-caption-text\">D\u00fao Brianna y Dail\u00edn ofreci\u00f3 una versi\u00f3n del tema \u201cPeque\u00f1a serenata diurna\u201d, de Silvio Rodr\u00edguez. Foto: Luis Antonio Salabarr\u00eda Meli\u00e1n<\/p><\/div>\n<p>El d\u00fao decBrianna y Dail\u00edn ofreci\u00f3 una versi\u00f3n del tema \u201cPeque\u00f1a serenata diurna\u201d, de Silvio Rodr\u00edguez, mientras que las palabras finales estuvieron a cargo de Lester Rodr\u00edguez Acosta, delegado del Instituto Cubano de Amistad con los Pueblos en Sancti Sp\u00edritus.<\/p>\n<p>La Tribuna Antiimperialista de solidaridad con el pueblo palestino, que tuvo lugar en Sancti Sp\u00edritus concluy\u00f3 con la interpretaci\u00f3n de \u201cCuba va\u201d, como s\u00edmbolo del respaldo invariable del pueblo y el Estado cubanos a la causa de esa naci\u00f3n y a la defensa de la justicia y la soberan\u00eda de los pueblos.<\/p>\n","protected":false},"excerpt":{"rendered":"<p>El acto simboliz\u00f3 la uni\u00f3n de los espirituanos con millones de voces que claman en todo el mundo por el fin de la ocupaci\u00f3n, la violencia y la violaci\u00f3n de los derechos humanos de la naci\u00f3n palestina, y reafirm\u00f3 el derecho de todo pueblo a vivir con dignidad.<\/p>\n","protected":false},"author":18,"featured_media":55377,"comment_status":"open","ping_status":"open","sticky":false,"template":"","format":"standard","meta":{"_acf_changed":false,"footnotes":""},"categories":[8,1],"tags":[988,1354,1780],"coauthors":[1874],"class_list":["post-55376","post","type-post","status-publish","format-standard","has-post-thumbnail","hentry","category-noticia","category-sancti-spiritus","tag-cuba-palestina","tag-palestina","tag-sancti-spiritus"],"acf":[],"_links":{"self":[{"href":"https:\/\/www.radiosanctispiritus.cu\/es\/wp-json\/wp\/v2\/posts\/55376","targetHints":{"allow":["GET"]}}],"collection":[{"href":"https:\/\/www.radiosanctispiritus.cu\/es\/wp-json\/wp\/v2\/posts"}],"about":[{"href":"https:\/\/www.radiosanctispiritus.cu\/es\/wp-json\/wp\/v2\/types\/post"}],"author":[{"embeddable":true,"href":"https:\/\/www.radiosanctispiritus.cu\/es\/wp-json\/wp\/v2\/users\/18"}],"replies":[{"embeddable":true,"href":"https:\/\/www.radiosanctispiritus.cu\/es\/wp-json\/wp\/v2\/comments?post=55376"}],"version-history":[{"count":4,"href":"https:\/\/www.radiosanctispiritus.cu\/es\/wp-json\/wp\/v2\/posts\/55376\/revisions"}],"predecessor-version":[{"id":55385,"href":"https:\/\/www.radiosanctispiritus.cu\/es\/wp-json\/wp\/v2\/posts\/55376\/revisions\/55385"}],"wp:featuredmedia":[{"embeddable":true,"href":"https:\/\/www.radiosanctispiritus.cu\/es\/wp-json\/wp\/v2\/media\/55377"}],"wp:attachment":[{"href":"https:\/\/www.radiosanctispiritus.cu\/es\/wp-json\/wp\/v2\/media?parent=55376"}],"wp:term":[{"taxonomy":"category","embeddable":true,"href":"https:\/\/www.radiosanctispiritus.cu\/es\/wp-json\/wp\/v2\/categories?post=55376"},{"taxonomy":"post_tag","embeddable":true,"href":"https:\/\/www.radiosanctispiritus.cu\/es\/wp-json\/wp\/v2\/tags?post=55376"},{"taxonomy":"author","embeddable":true,"href":"https:\/\/www.radiosanctispiritus.cu\/es\/wp-json\/wp\/v2\/coauthors?post=55376"}],"curies":[{"name":"wp","href":"https:\/\/api.w.org\/{rel}","templated":true}]}}