{"id":5537,"date":"2022-12-08T22:44:29","date_gmt":"2022-12-09T03:44:29","guid":{"rendered":"https:\/\/www.radiosanctispiritus.cu\/es\/?p=5537"},"modified":"2022-12-08T22:44:29","modified_gmt":"2022-12-09T03:44:29","slug":"celebra-trinidad-aniversario-de-su-declaracion-como-patrimonio-de-la-humanidad","status":"publish","type":"post","link":"https:\/\/www.radiosanctispiritus.cu\/es\/celebra-trinidad-aniversario-de-su-declaracion-como-patrimonio-de-la-humanidad\/","title":{"rendered":"Celebra Trinidad aniversario de su declaraci\u00f3n como Patrimonio de la Humanidad"},"content":{"rendered":"<p>Este ocho de diciembre Trinidad celebr\u00f3 el aniversario 34 de la declaraci\u00f3n de su Centro Hist\u00f3rico junto al Valle de los Ingenios como Patrimonio Cultural de la Humanidad, acontecimiento que marc\u00f3 un punto de partida para un nuevo modelo de gesti\u00f3n de los valores de la tercera villa fundada por los espa\u00f1oles en Cuba.<\/p>\n<audio class=\"wp-audio-shortcode\" id=\"audio-5537-1\" preload=\"none\" style=\"width: 100%;\" controls=\"controls\"><source type=\"audio\/mpeg\" src=\"https:\/\/www.ivoox.com\/ana-martha-al-dia-8-12-22_md_98661775_wp_1.mp3?_=1\" \/><a href=\"https:\/\/www.ivoox.com\/ana-martha-al-dia-8-12-22_md_98661775_wp_1.mp3\" target=\"_blank\" rel=\"noopener\">https:\/\/www.ivoox.com\/ana-martha-al-dia-8-12-22_md_98661775_wp_1.mp3<\/a><\/audio>\n<p>&nbsp;<\/p>\n","protected":false},"excerpt":{"rendered":"<p>Este ocho de diciembre Trinidad celebr\u00f3 el aniversario 34 de la declaraci\u00f3n de su Centro Hist\u00f3rico junto al Valle de los Ingenios como Patrimonio Cultural de la Humanidad.<\/p>\n","protected":false},"author":23,"featured_media":5538,"comment_status":"open","ping_status":"open","sticky":false,"template":"","format":"standard","meta":{"_acf_changed":false,"footnotes":""},"categories":[9,8,1],"tags":[54,495],"coauthors":[],"class_list":["post-5537","post","type-post","status-publish","format-standard","has-post-thumbnail","hentry","category-en-audio","category-noticia","category-sancti-spiritus","tag-trinidad-de-cuba","tag-valle-de-los-ingenios"],"acf":[],"_links":{"self":[{"href":"https:\/\/www.radiosanctispiritus.cu\/es\/wp-json\/wp\/v2\/posts\/5537","targetHints":{"allow":["GET"]}}],"collection":[{"href":"https:\/\/www.radiosanctispiritus.cu\/es\/wp-json\/wp\/v2\/posts"}],"about":[{"href":"https:\/\/www.radiosanctispiritus.cu\/es\/wp-json\/wp\/v2\/types\/post"}],"author":[{"embeddable":true,"href":"https:\/\/www.radiosanctispiritus.cu\/es\/wp-json\/wp\/v2\/users\/23"}],"replies":[{"embeddable":true,"href":"https:\/\/www.radiosanctispiritus.cu\/es\/wp-json\/wp\/v2\/comments?post=5537"}],"version-history":[{"count":0,"href":"https:\/\/www.radiosanctispiritus.cu\/es\/wp-json\/wp\/v2\/posts\/5537\/revisions"}],"wp:featuredmedia":[{"embeddable":true,"href":"https:\/\/www.radiosanctispiritus.cu\/es\/wp-json\/wp\/v2\/media\/5538"}],"wp:attachment":[{"href":"https:\/\/www.radiosanctispiritus.cu\/es\/wp-json\/wp\/v2\/media?parent=5537"}],"wp:term":[{"taxonomy":"category","embeddable":true,"href":"https:\/\/www.radiosanctispiritus.cu\/es\/wp-json\/wp\/v2\/categories?post=5537"},{"taxonomy":"post_tag","embeddable":true,"href":"https:\/\/www.radiosanctispiritus.cu\/es\/wp-json\/wp\/v2\/tags?post=5537"},{"taxonomy":"author","embeddable":true,"href":"https:\/\/www.radiosanctispiritus.cu\/es\/wp-json\/wp\/v2\/coauthors?post=5537"}],"curies":[{"name":"wp","href":"https:\/\/api.w.org\/{rel}","templated":true}]}}