{"id":55363,"date":"2025-10-09T08:57:52","date_gmt":"2025-10-09T12:57:52","guid":{"rendered":"https:\/\/www.radiosanctispiritus.cu\/es\/?p=55363"},"modified":"2025-10-09T08:58:04","modified_gmt":"2025-10-09T12:58:04","slug":"sancti-spiritus-esta-con-palestina-fotos","status":"publish","type":"post","link":"https:\/\/www.radiosanctispiritus.cu\/es\/sancti-spiritus-esta-con-palestina-fotos\/","title":{"rendered":"Sancti Sp\u00edritus est\u00e1 con Palestina (+fotos)"},"content":{"rendered":"<p>Como en toda Cuba, en Sancti Sp\u00edritus, estudiantes, trabajadores y representantes de diversos sectores\u00a0 se congregaron esta ma\u00f1ana en las escalinatas de la Biblioteca Provincial para levantar sus voces y exigir el cese inmediato del genocidio sionista contra Palestina, a dos a\u00f1os del recrudecimiento de la ofensiva militar israel\u00ed contra ese pueblo \u2014calificada por m\u00faltiples voces internacionales como un acto de genocidio\u2014.<\/p>\n<div id=\"attachment_55371\" style=\"width: 610px\" class=\"wp-caption aligncenter\"><img decoding=\"async\" aria-describedby=\"caption-attachment-55371\" class=\"size-medium wp-image-55371\" src=\"https:\/\/www.radiosanctispiritus.cu\/es\/wp-content\/uploads\/WhatsApp-Image-2025-10-09-at-7.26.33-AM1-600x450.jpeg\" alt=\"\" width=\"600\" height=\"450\" srcset=\"https:\/\/www.radiosanctispiritus.cu\/es\/wp-content\/uploads\/WhatsApp-Image-2025-10-09-at-7.26.33-AM1-600x450.jpeg 600w, https:\/\/www.radiosanctispiritus.cu\/es\/wp-content\/uploads\/WhatsApp-Image-2025-10-09-at-7.26.33-AM1-1024x768.jpeg 1024w, https:\/\/www.radiosanctispiritus.cu\/es\/wp-content\/uploads\/WhatsApp-Image-2025-10-09-at-7.26.33-AM1-768x576.jpeg 768w, https:\/\/www.radiosanctispiritus.cu\/es\/wp-content\/uploads\/WhatsApp-Image-2025-10-09-at-7.26.33-AM1.jpeg 1040w\" sizes=\"(max-width: 600px) 100vw, 600px\" \/><p id=\"caption-attachment-55371\" class=\"wp-caption-text\">La vanguardia joven espirituana presente en la Tribuna Abierta. Foto: Crist\u00f3bal \u00c1lamo<\/p><\/div>\n<p>Autoridades de la provincia, la primera secretaria del Comit\u00e9 Provincial del Partido Comunista de Cuba, Deivis P\u00e9rez Mart\u00edn, el gobernador de Sancti Sp\u00edritus, Alexis Lorente Jim\u00e9nez y representantes de otras organizaciones pol\u00edticas y de masas presidieron la tribuna abierta, que como en todo el pa\u00eds, se convirti\u00f3 en un acto de condena y solidaridad con la causa palestina, as\u00ed como de repudio a la complicidad del imperialismo estadounidense que sostiene la agresi\u00f3n.<\/p>\n<div id=\"attachment_55365\" style=\"width: 610px\" class=\"wp-caption aligncenter\"><img decoding=\"async\" aria-describedby=\"caption-attachment-55365\" class=\"size-medium wp-image-55365\" src=\"https:\/\/www.radiosanctispiritus.cu\/es\/wp-content\/uploads\/WhatsApp-Image-2025-10-09-at-7.26.09-AM1-600x450.jpeg\" alt=\"\" width=\"600\" height=\"450\" srcset=\"https:\/\/www.radiosanctispiritus.cu\/es\/wp-content\/uploads\/WhatsApp-Image-2025-10-09-at-7.26.09-AM1-600x450.jpeg 600w, https:\/\/www.radiosanctispiritus.cu\/es\/wp-content\/uploads\/WhatsApp-Image-2025-10-09-at-7.26.09-AM1-1024x768.jpeg 1024w, https:\/\/www.radiosanctispiritus.cu\/es\/wp-content\/uploads\/WhatsApp-Image-2025-10-09-at-7.26.09-AM1-768x576.jpeg 768w, https:\/\/www.radiosanctispiritus.cu\/es\/wp-content\/uploads\/WhatsApp-Image-2025-10-09-at-7.26.09-AM1.jpeg 1040w\" sizes=\"(max-width: 600px) 100vw, 600px\" \/><p id=\"caption-attachment-55365\" class=\"wp-caption-text\">Estudiantes presentes para apoyar la causa en favor de la libertad del hermano pueblo palestino. Foto: Crist\u00f3bal \u00c1lamo<\/p><\/div>\n<p>Con estas acciones, Cuba reitera su firme condena al accionar criminal de las fuerzas de ocupaci\u00f3n israel\u00edes, una postura que ha sido respaldada ampliamente en el \u00e1mbito internacional, como qued\u00f3 evidenciado en las intervenciones de numerosos jefes de Estado y altos representantes durante el 80.\u00ba per\u00edodo de sesiones de la Asamblea General de las Naciones Unidas.<\/p>\n<div id=\"attachment_55370\" style=\"width: 610px\" class=\"wp-caption aligncenter\"><img decoding=\"async\" aria-describedby=\"caption-attachment-55370\" class=\"wp-image-55370 size-medium\" src=\"https:\/\/www.radiosanctispiritus.cu\/es\/wp-content\/uploads\/WhatsApp-Image-2025-10-09-at-8.15.05-AM-600x450.jpeg\" alt=\"\" width=\"600\" height=\"450\" srcset=\"https:\/\/www.radiosanctispiritus.cu\/es\/wp-content\/uploads\/WhatsApp-Image-2025-10-09-at-8.15.05-AM-600x450.jpeg 600w, https:\/\/www.radiosanctispiritus.cu\/es\/wp-content\/uploads\/WhatsApp-Image-2025-10-09-at-8.15.05-AM-1024x768.jpeg 1024w, https:\/\/www.radiosanctispiritus.cu\/es\/wp-content\/uploads\/WhatsApp-Image-2025-10-09-at-8.15.05-AM-768x576.jpeg 768w, https:\/\/www.radiosanctispiritus.cu\/es\/wp-content\/uploads\/WhatsApp-Image-2025-10-09-at-8.15.05-AM.jpeg 1040w\" sizes=\"(max-width: 600px) 100vw, 600px\" \/><p id=\"caption-attachment-55370\" class=\"wp-caption-text\">Pueblo espirituano muestra su apoyo solidario en contra del genocidio en Gaza. Foto: Crist\u00f3bal \u00c1lamo<\/p><\/div>\n<p>La mayor de las Antillas mantiene su compromiso hist\u00f3rico con una soluci\u00f3n justa, amplia y duradera al conflicto israel\u00ed-palestino, basada en la coexistencia de dos Estados. Cuba aboga por el pleno ejercicio del derecho del pueblo palestino a la libre determinaci\u00f3n y a la creaci\u00f3n de un Estado independiente y soberano dentro de las fronteras anteriores a 1967, con Jerusal\u00e9n Oriental como su capital.<\/p>\n","protected":false},"excerpt":{"rendered":"<p>En Sancti Sp\u00edritus, la movilizaci\u00f3n a favor de Palestina tuvo lugar en el parque Seraf\u00edn S\u00e1nchez en Tribuna Abierta.<\/p>\n","protected":false},"author":192,"featured_media":55364,"comment_status":"open","ping_status":"open","sticky":false,"template":"","format":"standard","meta":{"_acf_changed":false,"footnotes":""},"categories":[8,1],"tags":[988,1354],"coauthors":[1986,1940],"class_list":["post-55363","post","type-post","status-publish","format-standard","has-post-thumbnail","hentry","category-noticia","category-sancti-spiritus","tag-cuba-palestina","tag-palestina"],"acf":[],"_links":{"self":[{"href":"https:\/\/www.radiosanctispiritus.cu\/es\/wp-json\/wp\/v2\/posts\/55363","targetHints":{"allow":["GET"]}}],"collection":[{"href":"https:\/\/www.radiosanctispiritus.cu\/es\/wp-json\/wp\/v2\/posts"}],"about":[{"href":"https:\/\/www.radiosanctispiritus.cu\/es\/wp-json\/wp\/v2\/types\/post"}],"author":[{"embeddable":true,"href":"https:\/\/www.radiosanctispiritus.cu\/es\/wp-json\/wp\/v2\/users\/192"}],"replies":[{"embeddable":true,"href":"https:\/\/www.radiosanctispiritus.cu\/es\/wp-json\/wp\/v2\/comments?post=55363"}],"version-history":[{"count":2,"href":"https:\/\/www.radiosanctispiritus.cu\/es\/wp-json\/wp\/v2\/posts\/55363\/revisions"}],"predecessor-version":[{"id":55373,"href":"https:\/\/www.radiosanctispiritus.cu\/es\/wp-json\/wp\/v2\/posts\/55363\/revisions\/55373"}],"wp:featuredmedia":[{"embeddable":true,"href":"https:\/\/www.radiosanctispiritus.cu\/es\/wp-json\/wp\/v2\/media\/55364"}],"wp:attachment":[{"href":"https:\/\/www.radiosanctispiritus.cu\/es\/wp-json\/wp\/v2\/media?parent=55363"}],"wp:term":[{"taxonomy":"category","embeddable":true,"href":"https:\/\/www.radiosanctispiritus.cu\/es\/wp-json\/wp\/v2\/categories?post=55363"},{"taxonomy":"post_tag","embeddable":true,"href":"https:\/\/www.radiosanctispiritus.cu\/es\/wp-json\/wp\/v2\/tags?post=55363"},{"taxonomy":"author","embeddable":true,"href":"https:\/\/www.radiosanctispiritus.cu\/es\/wp-json\/wp\/v2\/coauthors?post=55363"}],"curies":[{"name":"wp","href":"https:\/\/api.w.org\/{rel}","templated":true}]}}