{"id":55288,"date":"2025-10-08T13:54:13","date_gmt":"2025-10-08T17:54:13","guid":{"rendered":"https:\/\/www.radiosanctispiritus.cu\/es\/?p=55288"},"modified":"2025-10-08T13:56:31","modified_gmt":"2025-10-08T17:56:31","slug":"problemas-de-la-poblacion-prioridad-del-gobierno-en-fomento","status":"publish","type":"post","link":"https:\/\/www.radiosanctispiritus.cu\/es\/problemas-de-la-poblacion-prioridad-del-gobierno-en-fomento\/","title":{"rendered":"Problemas de la poblaci\u00f3n, prioridad del Gobierno en Fomento"},"content":{"rendered":"<p>En tiempos donde la vida cotidiana se hace cada vez m\u00e1s compleja, la atenci\u00f3n a la poblaci\u00f3n no puede ser un tr\u00e1mite formal ni un espacio de evasivas.<\/p>\n<p>En Fomento, como en toda Cuba, las instituciones y empresas tienen el deber de escuchar, atender y dar respuesta a cada petici\u00f3n ciudadana con seriedad, sensibilidad y prontitud.<\/p>\n<p><iframe src=\"https:\/\/www.ivoox.com\/player_ej_160283988_6_1.html?c1=7a0d0b\" width=\"100%\" height=\"200\" frameborder=\"0\" scrolling=\"no\" allowfullscreen=\"allowfullscreen\"><\/iframe><\/p>\n","protected":false},"excerpt":{"rendered":"<p>En tiempos donde la vida cotidiana se hace cada vez m\u00e1s compleja, la atenci\u00f3n a la poblaci\u00f3n no puede ser un tr\u00e1mite formal ni un espacio de evasivas.<\/p>\n","protected":false},"author":195,"featured_media":55289,"comment_status":"open","ping_status":"open","sticky":false,"template":"","format":"standard","meta":{"_acf_changed":false,"footnotes":""},"categories":[8,9],"tags":[],"coauthors":[2065],"class_list":["post-55288","post","type-post","status-publish","format-standard","has-post-thumbnail","hentry","category-noticia","category-en-audio"],"acf":[],"_links":{"self":[{"href":"https:\/\/www.radiosanctispiritus.cu\/es\/wp-json\/wp\/v2\/posts\/55288","targetHints":{"allow":["GET"]}}],"collection":[{"href":"https:\/\/www.radiosanctispiritus.cu\/es\/wp-json\/wp\/v2\/posts"}],"about":[{"href":"https:\/\/www.radiosanctispiritus.cu\/es\/wp-json\/wp\/v2\/types\/post"}],"author":[{"embeddable":true,"href":"https:\/\/www.radiosanctispiritus.cu\/es\/wp-json\/wp\/v2\/users\/195"}],"replies":[{"embeddable":true,"href":"https:\/\/www.radiosanctispiritus.cu\/es\/wp-json\/wp\/v2\/comments?post=55288"}],"version-history":[{"count":1,"href":"https:\/\/www.radiosanctispiritus.cu\/es\/wp-json\/wp\/v2\/posts\/55288\/revisions"}],"predecessor-version":[{"id":55290,"href":"https:\/\/www.radiosanctispiritus.cu\/es\/wp-json\/wp\/v2\/posts\/55288\/revisions\/55290"}],"wp:featuredmedia":[{"embeddable":true,"href":"https:\/\/www.radiosanctispiritus.cu\/es\/wp-json\/wp\/v2\/media\/55289"}],"wp:attachment":[{"href":"https:\/\/www.radiosanctispiritus.cu\/es\/wp-json\/wp\/v2\/media?parent=55288"}],"wp:term":[{"taxonomy":"category","embeddable":true,"href":"https:\/\/www.radiosanctispiritus.cu\/es\/wp-json\/wp\/v2\/categories?post=55288"},{"taxonomy":"post_tag","embeddable":true,"href":"https:\/\/www.radiosanctispiritus.cu\/es\/wp-json\/wp\/v2\/tags?post=55288"},{"taxonomy":"author","embeddable":true,"href":"https:\/\/www.radiosanctispiritus.cu\/es\/wp-json\/wp\/v2\/coauthors?post=55288"}],"curies":[{"name":"wp","href":"https:\/\/api.w.org\/{rel}","templated":true}]}}