{"id":55272,"date":"2025-10-08T07:02:52","date_gmt":"2025-10-08T11:02:52","guid":{"rendered":"https:\/\/www.radiosanctispiritus.cu\/es\/?p=55272"},"modified":"2025-10-08T09:46:11","modified_gmt":"2025-10-08T13:46:11","slug":"tribuna-antiimperialista-en-sancti-spiritus-en-solidaridad-con-palestina","status":"publish","type":"post","link":"https:\/\/www.radiosanctispiritus.cu\/es\/tribuna-antiimperialista-en-sancti-spiritus-en-solidaridad-con-palestina\/","title":{"rendered":"Tribuna Antiimperialista en Sancti Sp\u00edritus en solidaridad con Palestina"},"content":{"rendered":"<p data-spm-anchor-id=\"a2ty_o01.29997173.0.i1.46eac921QkRxD8\">Este 9 de octubre, a las 7:00 de la ma\u00f1ana, desde el parque Seraf\u00edn S\u00e1nchez en la ciudad de Sancti Sp\u00edritus, se llevar\u00e1 a cabo una Tribuna Antiimperialista en solidaridad con el pueblo palestino. La actividad se realiza en el segundo aniversario del inicio del genocidio sionista contra la poblaci\u00f3n de la Franja de Gaza.<\/p>\n<p>Desde el coraz\u00f3n de la cabecera provincial, el pueblo espirituano expresar\u00e1 su firme rechazo a la invasi\u00f3n y ocupaci\u00f3n de los territorios palestinos, y exigir\u00e1 el cese inmediato de la violencia contra civiles inocentes. Esta movilizaci\u00f3n simboliza un abrazo solidario con la causa justa del pueblo palestino y su derecho inalienable a la libertad, la soberan\u00eda y la paz.<\/p>\n","protected":false},"excerpt":{"rendered":"<p>Desde el coraz\u00f3n de la cabecera provincial, el pueblo espirituano expresar\u00e1 su firme rechazo a la invasi\u00f3n y ocupaci\u00f3n de los territorios palestinos, y exigir\u00e1 el cese inmediato de la violencia contra civiles inocentes.<\/p>\n","protected":false},"author":4,"featured_media":38504,"comment_status":"open","ping_status":"open","sticky":false,"template":"","format":"standard","meta":{"_acf_changed":false,"footnotes":""},"categories":[8,1],"tags":[988,1354],"coauthors":[1883],"class_list":["post-55272","post","type-post","status-publish","format-standard","has-post-thumbnail","hentry","category-noticia","category-sancti-spiritus","tag-cuba-palestina","tag-palestina"],"acf":[],"_links":{"self":[{"href":"https:\/\/www.radiosanctispiritus.cu\/es\/wp-json\/wp\/v2\/posts\/55272","targetHints":{"allow":["GET"]}}],"collection":[{"href":"https:\/\/www.radiosanctispiritus.cu\/es\/wp-json\/wp\/v2\/posts"}],"about":[{"href":"https:\/\/www.radiosanctispiritus.cu\/es\/wp-json\/wp\/v2\/types\/post"}],"author":[{"embeddable":true,"href":"https:\/\/www.radiosanctispiritus.cu\/es\/wp-json\/wp\/v2\/users\/4"}],"replies":[{"embeddable":true,"href":"https:\/\/www.radiosanctispiritus.cu\/es\/wp-json\/wp\/v2\/comments?post=55272"}],"version-history":[{"count":4,"href":"https:\/\/www.radiosanctispiritus.cu\/es\/wp-json\/wp\/v2\/posts\/55272\/revisions"}],"predecessor-version":[{"id":55277,"href":"https:\/\/www.radiosanctispiritus.cu\/es\/wp-json\/wp\/v2\/posts\/55272\/revisions\/55277"}],"wp:featuredmedia":[{"embeddable":true,"href":"https:\/\/www.radiosanctispiritus.cu\/es\/wp-json\/wp\/v2\/media\/38504"}],"wp:attachment":[{"href":"https:\/\/www.radiosanctispiritus.cu\/es\/wp-json\/wp\/v2\/media?parent=55272"}],"wp:term":[{"taxonomy":"category","embeddable":true,"href":"https:\/\/www.radiosanctispiritus.cu\/es\/wp-json\/wp\/v2\/categories?post=55272"},{"taxonomy":"post_tag","embeddable":true,"href":"https:\/\/www.radiosanctispiritus.cu\/es\/wp-json\/wp\/v2\/tags?post=55272"},{"taxonomy":"author","embeddable":true,"href":"https:\/\/www.radiosanctispiritus.cu\/es\/wp-json\/wp\/v2\/coauthors?post=55272"}],"curies":[{"name":"wp","href":"https:\/\/api.w.org\/{rel}","templated":true}]}}