{"id":55169,"date":"2025-10-06T07:31:57","date_gmt":"2025-10-06T11:31:57","guid":{"rendered":"https:\/\/www.radiosanctispiritus.cu\/es\/?p=55169"},"modified":"2025-10-06T07:33:37","modified_gmt":"2025-10-06T11:33:37","slug":"barbados-una-herida-que-no-cicatriza","status":"publish","type":"post","link":"https:\/\/www.radiosanctispiritus.cu\/es\/barbados-una-herida-que-no-cicatriza\/","title":{"rendered":"Barbados: una herida que no cicatriza"},"content":{"rendered":"<p>Para quienes nacieron en Cuba en los a\u00f1os 80, el crimen de Barbados no es solo un episodio del pasado: es una herida viva, tejida en la memoria colectiva desde la infancia. Muchos recuerdan, incluso antes de entender del todo su magnitud, las im\u00e1genes en blanco y negro del discurso de Fidel Castro en la Plaza de la Revoluci\u00f3n, pronunciado con la voz quebrada por la indignaci\u00f3n y el dolor al despedir a las 73 v\u00edctimas del atentado terrorista contra el vuelo 455 de Cubana de Aviaci\u00f3n.<\/p>\n<p>Ese avi\u00f3n, que regresaba de Caracas con el equipo juvenil de esgrima \u2014reci\u00e9n coronado campe\u00f3n del torneo Centroamericano y del Caribe\u2014, explot\u00f3 en el aire poco despu\u00e9s de despegar de Barbados. A bordo viajaban 24 adolescentes, una ni\u00f1a de apenas nueve a\u00f1os, entrenadores, funcionarios, tripulantes y otros pasajeros. Todos perdieron la vida en lo que se convertir\u00eda en uno de los actos terroristas m\u00e1s atroces del siglo XX en Am\u00e9rica Latina.<\/p>\n<p>Las im\u00e1genes de madres abrazando fotos de sus hijos, de esgrimistas adultos escoltando con dignidad los ata\u00fades de sus compa\u00f1eros m\u00e1s j\u00f3venes, se grabaron para siempre en la conciencia nacional. Y tambi\u00e9n aquella frase que Fidel pronunci\u00f3 frente a un pueblo en duelo: <strong>\u201cCuando un pueblo en\u00e9rgico y viril llora, la injusticia tiembla\u201d<\/strong>.<\/p>\n<p>A\u00f1os despu\u00e9s, Jos\u00e9 Mar\u00eda Uranga, padre de la floretista Nancy Uranga Romagoza, a\u00fan balbuceaba al hablar de su hija:<\/p>\n<blockquote><p>\u201cHoy, igual que el primer d\u00eda, siempre la estoy recordando. Yo, la mujer\u2026 \u00bfPero qu\u00e9 vamos a hacer? Veintipico o treinta a\u00f1os poni\u00e9ndole flores\u2026\u201d<\/p><\/blockquote>\n<p>Su gesto, al recostarse lentamente en el asiento como buscando refugio en un vac\u00edo que no tiene fin, resume un dolor que no se apaga con el tiempo. Porque hay p\u00e9rdidas que se vuelven eternas, que acompa\u00f1an hasta el \u00faltimo aliento.<\/p>\n<p>Haymel Espinosa, cuyo padre Miguel Espinosa Cabrera era copiloto del vuelo siniestrado, lo expres\u00f3 con una crudeza conmovedora en el documental <em>Explosi\u00f3n a bordo<\/em>:<\/p>\n<blockquote><p>\u201cLo llor\u00e9 m\u00e1s en la infancia, pero lo extra\u00f1\u00e9 y lo necesit\u00e9 mucho m\u00e1s en la adultez. Lo quise conmigo el d\u00eda que me cas\u00e9. En la foto de boda estoy con mi madre, pero falta mi padre. Le puse flores en el lugar donde est\u00e1n las fotos de los m\u00e1rtires de Barbados. Se las dediqu\u00e9 a \u00e9l\u2026<br \/>\nCuando te lo quitan as\u00ed, tan de pronto, queda esa esperanza absurda de que regrese. A veces sue\u00f1o que me lo encuentro, que ha sido un n\u00e1ufrago.\u201d<\/p><\/blockquote>\n<h2><strong>Terrorismo con impunidad: la sombra de Estados Unidos<\/strong><\/h2>\n<p>El atentado de Barbados no fue un acto aislado. Form\u00f3 parte de una campa\u00f1a sistem\u00e1tica de terrorismo organizada por grupos extremistas de la emigraci\u00f3n cubana, muchos de ellos asentados en Estados Unidos y con v\u00ednculos comprobados con agencias de inteligencia estadounidenses.<\/p>\n<p>Uno de los principales responsables intelectuales fue <strong>Orlando Bosch<\/strong>, fundador de la Coordinaci\u00f3n de Organizaciones Revolucionarias Unidas (CORU), una alianza terrorista creada en junio de 1976 en Bonao, Rep\u00fablica Dominicana. All\u00ed, representantes de distintas organizaciones anticastristas planificaron m\u00e1s de veinte acciones violentas, incluyendo el sabotaje a vuelos civiles, embajadas y representaciones diplom\u00e1ticas de pa\u00edses que manten\u00edan relaciones con Cuba.<\/p>\n<p>El otro cerebro detr\u00e1s del crimen fue <strong>Luis Posada Carriles<\/strong>, agente de la CIA desde 1963, quien ejecut\u00f3 decenas de operaciones encubiertas y muri\u00f3 en Miami sin haber rendido cuentas por sus cr\u00edmenes.<\/p>\n<p>Aunque Bosch fue detenido en Venezuela en octubre de 1976 y permaneci\u00f3 once a\u00f1os en prisi\u00f3n, fue liberado en 1988. Al llegar a Estados Unidos, el Servicio de Inmigraci\u00f3n lo declar\u00f3 <strong>\u201cexcluible\u201d<\/strong> por su historial terrorista. El dictamen del fiscal general adjunto <strong>Joe D. Whitley<\/strong>, fechado el 23 de enero de 1989, fue contundente:<\/p>\n<blockquote><p>\u201cBosch fund\u00f3 y dirigi\u00f3 CORU, organizaci\u00f3n que asumi\u00f3 la responsabilidad de numerosas explosiones en Miami, Nueva York, Venezuela, Panam\u00e1, M\u00e9xico y otros pa\u00edses. Existen pruebas de que los autores materiales del atentado contra el vuelo 455 estaban en contacto directo con \u00e9l antes y despu\u00e9s del hecho.\u201d<\/p><\/blockquote>\n<p>El documento tambi\u00e9n se\u00f1alaba que Bosch <strong>\u201cabogaba por el asesinato de funcionarios de gobiernos extranjeros\u201d<\/strong> y que <strong>\u201cprobablemente se involucrar\u00eda en sabotaje, espionaje o acciones subversivas contra el inter\u00e9s nacional de EE.UU.\u201d<\/strong><\/p>\n<p>Sin embargo, en una decisi\u00f3n que desafi\u00f3 tanto al Departamento de Justicia como al de Estado, el entonces presidente <strong>George H. W. Bush<\/strong> \u2014quien hab\u00eda sido director de la CIA en 1976\u2014 lo indult\u00f3 en 1990 y lo declar\u00f3 p\u00fablicamente <strong>\u201cun hombre de bien\u201d<\/strong>.<\/p>\n<h2><strong>La CIA sab\u00eda\u2026 y call\u00f3<\/strong><\/h2>\n<p>Los documentos desclasificados de la Agencia Central de Inteligencia (CIA) confirman lo que durante d\u00e9cadas se denunci\u00f3: <strong>la agencia ten\u00eda conocimiento anticipado del atentado y no hizo nada para evitarlo<\/strong>.<\/p>\n<p>Ya el <strong>22 de junio de 1976<\/strong>, cuatro meses antes de la tragedia, un informe clasificado advert\u00eda con precisi\u00f3n que <strong>\u201cun grupo extremista liderado por Orlando Bosch planeaba colocar dos bombas en un vuelo de Cubana entre Panam\u00e1 y La Habana\u201d<\/strong>, espec\u00edficamente en el vuelo 467 del 21 de junio. Aunque ese plan no se concret\u00f3, el modus operandi era id\u00e9ntico al que se ejecutar\u00eda en octubre.<\/p>\n<p>Peor a\u00fan: el <strong>13 de octubre de 1976<\/strong>, apenas una semana despu\u00e9s del crimen, otro documento de la CIA citaba declaraciones de Posada Carriles diciendo: <em>\u201cVamos a atacar un avi\u00f3n cubano\u201d<\/em>, y a\u00f1ad\u00eda que <em>\u201cOrlando tiene los detalles\u201d<\/em>. La fuente era un exfuncionario venezolano considerado \u201chabitualmente confiable\u201d.<\/p>\n<p>Copias de estas alertas fueron distribuidas al Departamento de Estado, al FBI, al Pent\u00e1gono y a las fuerzas armadas\u2026 <strong>pero nunca se inform\u00f3 a Cuba<\/strong>. La CIA prefiri\u00f3 el silencio. El odio ideol\u00f3gico fue m\u00e1s fuerte que la obligaci\u00f3n moral de salvar vidas.<\/p>\n<h2 class=\"py-2 my-3\"><strong>Memoria y justicia pendiente<\/strong><\/h2>\n<p>En Cuba, el <strong>6 de octubre<\/strong> se conmemora oficialmente como el <strong>D\u00eda de las V\u00edctimas del Terrorismo de Estado<\/strong>, en homenaje a las 73 personas asesinadas en Barbados \u201457 de ellas cubanas\u2014 y como denuncia permanente contra la impunidad que ha protegido a sus verdugos.<\/p>\n<p>El monumento erigido en la isla caribe\u00f1a, con los nombres de todas las v\u00edctimas grabados en piedra, es un recordatorio silencioso: <strong>el terrorismo no fue obra de \u201clobos solitarios\u201d, sino de redes organizadas, financiadas y, en muchos casos, toleradas por gobiernos que eligieron la pol\u00edtica sobre la humanidad<\/strong>.<\/p>\n<p>Mientras los responsables murieron en libertad y los documentos siguen revelando complicidades, el pueblo cubano mantiene viva la memoria. Porque, como dijo Fidel aquel d\u00eda de octubre, <strong>cuando un pueblo llora con dignidad, la injusticia tiembla\u2026 y la historia no olvida<\/strong>.<\/p>\n<p><em><strong>Con informaci\u00f3n de <a href=\"http:\/\/www.cubadebate.cu\/especiales\/2025\/10\/06\/una-herida-permanece-abierta-a-49-anos-del-crimen-de-barbados\/\" target=\"_blank\" rel=\"noopener noreferrer nofollow\">Cubadebate<\/a><\/strong><\/em><\/p>\n","protected":false},"excerpt":{"rendered":"<p>El crimen de Barbados: 73 vidas robadas, terrorismo con protecci\u00f3n estadounidense y una herida que Cuba no olvida.<\/p>\n","protected":false},"author":4,"featured_media":55170,"comment_status":"open","ping_status":"open","sticky":false,"template":"","format":"standard","meta":{"_acf_changed":false,"footnotes":""},"categories":[8,3],"tags":[201,52],"coauthors":[1883],"class_list":["post-55169","post","type-post","status-publish","format-standard","has-post-thumbnail","hentry","category-noticia","category-cuba","tag-cuba-barbados","tag-revolucion-cubana"],"acf":[],"_links":{"self":[{"href":"https:\/\/www.radiosanctispiritus.cu\/es\/wp-json\/wp\/v2\/posts\/55169","targetHints":{"allow":["GET"]}}],"collection":[{"href":"https:\/\/www.radiosanctispiritus.cu\/es\/wp-json\/wp\/v2\/posts"}],"about":[{"href":"https:\/\/www.radiosanctispiritus.cu\/es\/wp-json\/wp\/v2\/types\/post"}],"author":[{"embeddable":true,"href":"https:\/\/www.radiosanctispiritus.cu\/es\/wp-json\/wp\/v2\/users\/4"}],"replies":[{"embeddable":true,"href":"https:\/\/www.radiosanctispiritus.cu\/es\/wp-json\/wp\/v2\/comments?post=55169"}],"version-history":[{"count":3,"href":"https:\/\/www.radiosanctispiritus.cu\/es\/wp-json\/wp\/v2\/posts\/55169\/revisions"}],"predecessor-version":[{"id":55173,"href":"https:\/\/www.radiosanctispiritus.cu\/es\/wp-json\/wp\/v2\/posts\/55169\/revisions\/55173"}],"wp:featuredmedia":[{"embeddable":true,"href":"https:\/\/www.radiosanctispiritus.cu\/es\/wp-json\/wp\/v2\/media\/55170"}],"wp:attachment":[{"href":"https:\/\/www.radiosanctispiritus.cu\/es\/wp-json\/wp\/v2\/media?parent=55169"}],"wp:term":[{"taxonomy":"category","embeddable":true,"href":"https:\/\/www.radiosanctispiritus.cu\/es\/wp-json\/wp\/v2\/categories?post=55169"},{"taxonomy":"post_tag","embeddable":true,"href":"https:\/\/www.radiosanctispiritus.cu\/es\/wp-json\/wp\/v2\/tags?post=55169"},{"taxonomy":"author","embeddable":true,"href":"https:\/\/www.radiosanctispiritus.cu\/es\/wp-json\/wp\/v2\/coauthors?post=55169"}],"curies":[{"name":"wp","href":"https:\/\/api.w.org\/{rel}","templated":true}]}}