{"id":55150,"date":"2025-10-06T06:00:33","date_gmt":"2025-10-06T10:00:33","guid":{"rendered":"https:\/\/www.radiosanctispiritus.cu\/es\/?p=55150"},"modified":"2025-10-05T16:17:53","modified_gmt":"2025-10-05T20:17:53","slug":"al-rescate-de-la-torre-de-manaca-iznaga","status":"publish","type":"post","link":"https:\/\/www.radiosanctispiritus.cu\/es\/al-rescate-de-la-torre-de-manaca-iznaga\/","title":{"rendered":"Al rescate de la torre de Manaca Iznaga"},"content":{"rendered":"<p>Por estos d\u00edas un suceso les roba protagonismo a las tejedoras de Manaca Iznaga.<\/p>\n<div id=\"attachment_55152\" style=\"width: 610px\" class=\"wp-caption aligncenter\"><img decoding=\"async\" aria-describedby=\"caption-attachment-55152\" class=\"size-medium wp-image-55152\" src=\"https:\/\/www.radiosanctispiritus.cu\/es\/wp-content\/uploads\/q2-18-600x400.jpg\" alt=\"Todos los elementos de madera, muy deteriorados, est\u00e1n siendo sustituidos.\" width=\"600\" height=\"400\" srcset=\"https:\/\/www.radiosanctispiritus.cu\/es\/wp-content\/uploads\/q2-18-600x400.jpg 600w, https:\/\/www.radiosanctispiritus.cu\/es\/wp-content\/uploads\/q2-18-1024x683.jpg 1024w, https:\/\/www.radiosanctispiritus.cu\/es\/wp-content\/uploads\/q2-18-768x512.jpg 768w, https:\/\/www.radiosanctispiritus.cu\/es\/wp-content\/uploads\/q2-18-1536x1024.jpg 1536w, https:\/\/www.radiosanctispiritus.cu\/es\/wp-content\/uploads\/q2-18-2048x1365.jpg 2048w\" sizes=\"(max-width: 600px) 100vw, 600px\" \/><p id=\"caption-attachment-55152\" class=\"wp-caption-text\">Todos los elementos de madera, muy deteriorados, est\u00e1n siendo sustituidos.<\/p><\/div>\n<p>La a\u00f1eja torre campanario del lugar, una joya arquitect\u00f3nica y patrimonial del Valle de los Ingenios, Patrimonio de la Humanidad, que hace las delicias de los visitantes al sitio, recibe acciones constructivas para mejorar las estructuras de madera del piso y las escaleras que, por su estado de deterioro, provocaron el cierre de la edificaci\u00f3n al p\u00fablico.<\/p>\n<p>Y con ello, desde hace unos cuatro meses, qued\u00f3 prohibido todo intento de que las personas subieran a cada uno de los niveles de la torre, un sitio excepcional para contemplar, desde la altura, todo cuanto rodea al escenario de Manaca Iznaga, una de las tentaciones para quienes llegan al lugar.<\/p>\n<div id=\"attachment_55153\" style=\"width: 610px\" class=\"wp-caption aligncenter\"><img decoding=\"async\" aria-describedby=\"caption-attachment-55153\" class=\"size-medium wp-image-55153\" src=\"https:\/\/www.radiosanctispiritus.cu\/es\/wp-content\/uploads\/q3-17-600x400.jpg\" alt=\"La Mipyme trinitaria Construcciones ICE asume los trabajos, una inversi\u00f3n de la Direcci\u00f3n Municipal de Cultura del territorio.\" width=\"600\" height=\"400\" srcset=\"https:\/\/www.radiosanctispiritus.cu\/es\/wp-content\/uploads\/q3-17-600x400.jpg 600w, https:\/\/www.radiosanctispiritus.cu\/es\/wp-content\/uploads\/q3-17-1024x683.jpg 1024w, https:\/\/www.radiosanctispiritus.cu\/es\/wp-content\/uploads\/q3-17-768x512.jpg 768w, https:\/\/www.radiosanctispiritus.cu\/es\/wp-content\/uploads\/q3-17-1536x1024.jpg 1536w, https:\/\/www.radiosanctispiritus.cu\/es\/wp-content\/uploads\/q3-17-2048x1365.jpg 2048w\" sizes=\"(max-width: 600px) 100vw, 600px\" \/><p id=\"caption-attachment-55153\" class=\"wp-caption-text\">La Mipyme trinitaria Construcciones ICE asume los trabajos, una inversi\u00f3n de la Direcci\u00f3n Municipal de Cultura del territorio.<\/p><\/div>\n<p>La Mipyme trinitaria Construcciones ICE asume los trabajos, una inversi\u00f3n de la Direcci\u00f3n Municipal de Cultura del territorio.<\/p>\n<p>Y quienes habitan en la comunidad de Manaca Iznaga saben cuan necesario es que los trabajos concluyan, con calidad, pues la torre es determinante para la vida del poblado, muy atado al turismo, que tambi\u00e9n se deleita con el quehacer de las artesanas del lugar, sobre todo, las tejedoras.<\/p>\n<div id=\"attachment_55154\" style=\"width: 610px\" class=\"wp-caption aligncenter\"><img decoding=\"async\" aria-describedby=\"caption-attachment-55154\" class=\"size-medium wp-image-55154\" src=\"https:\/\/www.radiosanctispiritus.cu\/es\/wp-content\/uploads\/q4-18-600x444.jpg\" alt=\"Nuevos elementos de madera sustituyen a los deteriorados.\" width=\"600\" height=\"444\" srcset=\"https:\/\/www.radiosanctispiritus.cu\/es\/wp-content\/uploads\/q4-18-600x444.jpg 600w, https:\/\/www.radiosanctispiritus.cu\/es\/wp-content\/uploads\/q4-18-1024x758.jpg 1024w, https:\/\/www.radiosanctispiritus.cu\/es\/wp-content\/uploads\/q4-18-768x568.jpg 768w, https:\/\/www.radiosanctispiritus.cu\/es\/wp-content\/uploads\/q4-18-1536x1136.jpg 1536w, https:\/\/www.radiosanctispiritus.cu\/es\/wp-content\/uploads\/q4-18-2048x1515.jpg 2048w\" sizes=\"(max-width: 600px) 100vw, 600px\" \/><p id=\"caption-attachment-55154\" class=\"wp-caption-text\">Nuevos elementos de madera sustituyen a los deteriorados.<\/p><\/div>\n<p>Influenciada por el eclecticismo en su arquitectura, la torre campanario de Manaca Iznaga fue construida entre los a\u00f1os 1815 y 1830, posee una altura de 45 metros distribuidos en siete pisos o niveles, y al decir de\u00a0 <a href=\"https:\/\/www.ecured.cu\/index.php?title=Carlos_Joaqu%C3%ADn_Zerquera&amp;action=edit&amp;redlink=1\" data-saferedirecturl=\"https:\/\/www.google.com\/url?q=https:\/\/www.ecured.cu\/index.php?title%3DCarlos_Joaqu%25C3%25ADn_Zerquera%26action%3Dedit%26redlink%3D1&amp;source=gmail&amp;ust=1759780983959000&amp;usg=AOvVaw1yrpdJvVGfIB14REqEOGc5\" target=\"_blank\" rel=\"noopener noreferrer nofollow\">Carlos Joaqu\u00edn Zerquera<\/a>, historiador de una de las siete poblaciones cubanas m\u00e1s antiguas, atribuye el verdadero origen de la edificaci\u00f3n a fines fundamentalmente utilitarios.<\/p>\n<div id=\"attachment_55155\" style=\"width: 610px\" class=\"wp-caption aligncenter\"><img decoding=\"async\" aria-describedby=\"caption-attachment-55155\" class=\"size-medium wp-image-55155\" src=\"https:\/\/www.radiosanctispiritus.cu\/es\/wp-content\/uploads\/q5-17-600x493.jpg\" alt=\"Al pie de la torre descansan las nuevas piezas que ya se colocan en pisos y escaleras.\" width=\"600\" height=\"493\" srcset=\"https:\/\/www.radiosanctispiritus.cu\/es\/wp-content\/uploads\/q5-17-600x493.jpg 600w, https:\/\/www.radiosanctispiritus.cu\/es\/wp-content\/uploads\/q5-17-1024x841.jpg 1024w, https:\/\/www.radiosanctispiritus.cu\/es\/wp-content\/uploads\/q5-17-768x631.jpg 768w, https:\/\/www.radiosanctispiritus.cu\/es\/wp-content\/uploads\/q5-17-1536x1262.jpg 1536w, https:\/\/www.radiosanctispiritus.cu\/es\/wp-content\/uploads\/q5-17-2048x1683.jpg 2048w, https:\/\/www.radiosanctispiritus.cu\/es\/wp-content\/uploads\/q5-17-145x120.jpg 145w\" sizes=\"(max-width: 600px) 100vw, 600px\" \/><p id=\"caption-attachment-55155\" class=\"wp-caption-text\">Al pie de la torre descansan las nuevas piezas que ya se colocan en pisos y escaleras.<\/p><\/div>\n<p>Por largo tiempo-plasm\u00f3 en sus documentos- fue la m\u00e1s bella y la m\u00e1s alta de todo el interior de la Isla y desde donde mejor se divisaba el movimiento esclavo en los alrededores de las decenas de f\u00e1bricas de az\u00facar que funcionaban en el llamado Valle de los Ingenios, declarado por la Unesco\u00a0en\u00a0<a href=\"https:\/\/www.ecured.cu\/1988\" data-saferedirecturl=\"https:\/\/www.google.com\/url?q=https:\/\/www.ecured.cu\/1988&amp;source=gmail&amp;ust=1759780983959000&amp;usg=AOvVaw2vJ9Dmm8Kt8M-NP_wbyM5P\" target=\"_blank\" rel=\"noopener noreferrer nofollow\">1988<\/a>,\u00a0<a href=\"https:\/\/www.ecured.cu\/Patrimonio_de_la_Humanidad\" data-saferedirecturl=\"https:\/\/www.google.com\/url?q=https:\/\/www.ecured.cu\/Patrimonio_de_la_Humanidad&amp;source=gmail&amp;ust=1759780983959000&amp;usg=AOvVaw0MHvfuplMi0f2kZLvGuKFS\" target=\"_blank\" rel=\"noopener noreferrer nofollow\">Patrimonio de la Humanidad<\/a>.<\/p>\n<div id=\"attachment_55156\" style=\"width: 610px\" class=\"wp-caption aligncenter\"><img decoding=\"async\" aria-describedby=\"caption-attachment-55156\" class=\"size-medium wp-image-55156\" src=\"https:\/\/www.radiosanctispiritus.cu\/es\/wp-content\/uploads\/q6-13-600x400.jpg\" alt=\"Revitalizar la funcionalidad de la torre como mirador excepcional, un anhelo y necesidad.\" width=\"600\" height=\"400\" srcset=\"https:\/\/www.radiosanctispiritus.cu\/es\/wp-content\/uploads\/q6-13-600x400.jpg 600w, https:\/\/www.radiosanctispiritus.cu\/es\/wp-content\/uploads\/q6-13-1024x683.jpg 1024w, https:\/\/www.radiosanctispiritus.cu\/es\/wp-content\/uploads\/q6-13-768x512.jpg 768w, https:\/\/www.radiosanctispiritus.cu\/es\/wp-content\/uploads\/q6-13-1536x1024.jpg 1536w, https:\/\/www.radiosanctispiritus.cu\/es\/wp-content\/uploads\/q6-13-2048x1365.jpg 2048w\" sizes=\"(max-width: 600px) 100vw, 600px\" \/><p id=\"caption-attachment-55156\" class=\"wp-caption-text\">Revitalizar la funcionalidad de la torre como mirador excepcional, un anhelo y necesidad.<\/p><\/div>\n<p>&nbsp;<\/p>\n<div id=\"attachment_55157\" style=\"width: 610px\" class=\"wp-caption aligncenter\"><img decoding=\"async\" aria-describedby=\"caption-attachment-55157\" class=\"size-medium wp-image-55157\" src=\"https:\/\/www.radiosanctispiritus.cu\/es\/wp-content\/uploads\/q7-7-600x400.jpg\" alt=\"Desde lo alto de la torre se disfrutan escenas como esta.\" width=\"600\" height=\"400\" srcset=\"https:\/\/www.radiosanctispiritus.cu\/es\/wp-content\/uploads\/q7-7-600x400.jpg 600w, https:\/\/www.radiosanctispiritus.cu\/es\/wp-content\/uploads\/q7-7-1024x683.jpg 1024w, https:\/\/www.radiosanctispiritus.cu\/es\/wp-content\/uploads\/q7-7-768x512.jpg 768w, https:\/\/www.radiosanctispiritus.cu\/es\/wp-content\/uploads\/q7-7-1536x1024.jpg 1536w, https:\/\/www.radiosanctispiritus.cu\/es\/wp-content\/uploads\/q7-7-2048x1365.jpg 2048w\" sizes=\"(max-width: 600px) 100vw, 600px\" \/><p id=\"caption-attachment-55157\" class=\"wp-caption-text\">Desde lo alto de la torre se disfrutan escenas como esta.<\/p><\/div>\n","protected":false},"excerpt":{"rendered":"<p>La Torre Manaca Iznaga en proceso reconstructivo como parte de las acciones para su conservaci\u00f3n.<\/p>\n","protected":false},"author":15,"featured_media":55151,"comment_status":"open","ping_status":"open","sticky":false,"template":"","format":"standard","meta":{"_acf_changed":false,"footnotes":""},"categories":[8,11,1,1170],"tags":[1573,40,54],"coauthors":[1884],"class_list":["post-55150","post","type-post","status-publish","format-standard","has-post-thumbnail","hentry","category-noticia","category-fotorreportaje","category-sancti-spiritus","category-turismo","tag-manaca-iznaga","tag-trinidad","tag-trinidad-de-cuba"],"acf":[],"_links":{"self":[{"href":"https:\/\/www.radiosanctispiritus.cu\/es\/wp-json\/wp\/v2\/posts\/55150","targetHints":{"allow":["GET"]}}],"collection":[{"href":"https:\/\/www.radiosanctispiritus.cu\/es\/wp-json\/wp\/v2\/posts"}],"about":[{"href":"https:\/\/www.radiosanctispiritus.cu\/es\/wp-json\/wp\/v2\/types\/post"}],"author":[{"embeddable":true,"href":"https:\/\/www.radiosanctispiritus.cu\/es\/wp-json\/wp\/v2\/users\/15"}],"replies":[{"embeddable":true,"href":"https:\/\/www.radiosanctispiritus.cu\/es\/wp-json\/wp\/v2\/comments?post=55150"}],"version-history":[{"count":2,"href":"https:\/\/www.radiosanctispiritus.cu\/es\/wp-json\/wp\/v2\/posts\/55150\/revisions"}],"predecessor-version":[{"id":55159,"href":"https:\/\/www.radiosanctispiritus.cu\/es\/wp-json\/wp\/v2\/posts\/55150\/revisions\/55159"}],"wp:featuredmedia":[{"embeddable":true,"href":"https:\/\/www.radiosanctispiritus.cu\/es\/wp-json\/wp\/v2\/media\/55151"}],"wp:attachment":[{"href":"https:\/\/www.radiosanctispiritus.cu\/es\/wp-json\/wp\/v2\/media?parent=55150"}],"wp:term":[{"taxonomy":"category","embeddable":true,"href":"https:\/\/www.radiosanctispiritus.cu\/es\/wp-json\/wp\/v2\/categories?post=55150"},{"taxonomy":"post_tag","embeddable":true,"href":"https:\/\/www.radiosanctispiritus.cu\/es\/wp-json\/wp\/v2\/tags?post=55150"},{"taxonomy":"author","embeddable":true,"href":"https:\/\/www.radiosanctispiritus.cu\/es\/wp-json\/wp\/v2\/coauthors?post=55150"}],"curies":[{"name":"wp","href":"https:\/\/api.w.org\/{rel}","templated":true}]}}