{"id":55012,"date":"2025-10-02T08:33:59","date_gmt":"2025-10-02T12:33:59","guid":{"rendered":"https:\/\/www.radiosanctispiritus.cu\/es\/?p=55012"},"modified":"2025-10-02T08:33:59","modified_gmt":"2025-10-02T12:33:59","slug":"el-bloqueo-estadounidense-agrava-la-crisis-energetica-en-cuba","status":"publish","type":"post","link":"https:\/\/www.radiosanctispiritus.cu\/es\/el-bloqueo-estadounidense-agrava-la-crisis-energetica-en-cuba\/","title":{"rendered":"El bloqueo estadounidense agrava la crisis energ\u00e9tica en Cuba"},"content":{"rendered":"<p data-spm-anchor-id=\"a2ty_o01.29997173.0.i10.6105c921kPOOrG\">La crisis energ\u00e9tica que enfrenta Cuba se ve severamente agravada por el bloqueo econ\u00f3mico, comercial y financiero impuesto por Estados Unidos, seg\u00fan el informe nacional presentado el 17 de septiembre de 2025 ante la prensa internacional por el ministro de Relaciones Exteriores, Bruno Rodr\u00edguez Parrilla. Lejos de ser un factor externo secundario, el bloqueo se convierte en el principal obst\u00e1culo para la recuperaci\u00f3n del sistema electroenerg\u00e9tico nacional (SEN), al impedir el acceso a tecnolog\u00eda, repuestos, financiamiento y asistencia t\u00e9cnica esenciales para su estabilizaci\u00f3n.<\/p>\n<p>En declaraciones recogidas por <em>Cubadebate<\/em>, Rodr\u00edguez Parrilla subray\u00f3 que \u201clas consecuencias de esta pol\u00edtica se evidencian dram\u00e1ticamente en las carencias que enfrenta nuestra poblaci\u00f3n\u201d, y ofreci\u00f3 una comparaci\u00f3n contundente: \u201cSi el bloqueo se detuviera por dos meses, dispondr\u00edamos de los recursos que permitir\u00edan garantizar el combustible para generar electricidad\u201d. El informe detalla que solo cinco d\u00edas de bloqueo equivalen al financiamiento necesario \u2014unos 100 millones de d\u00f3lares\u2014 para reparar una central termoel\u00e9ctrica como la Antonio Guiteras (Matanzas) o la Carlos Manuel de C\u00e9spedes (Cienfuegos). Doce d\u00edas representan el presupuesto anual de mantenimiento del SEN (250 millones), mientras que un mes de bloqueo equivale al costo total del Plan Nacional de Energ\u00eda Solar para 2025 (600 millones).<\/p>\n<p>La viceministra de Energ\u00eda y Minas, Tatiana Amar\u00e1n Bogachova, es enf\u00e1tica al se\u00f1alar que, aunque existen factores internos que contribuyen a la crisis \u2014como infraestructura envejecida, retrasos en la transici\u00f3n energ\u00e9tica y da\u00f1os por fen\u00f3menos meteorol\u00f3gicos\u2014, \u201cel bloqueo es el principal obst\u00e1culo para solucionarlos\u201d. En una reciente Mesa Redonda, reconoci\u00f3 el profundo impacto social de los apagones: \u201cAfectan la vida de la poblaci\u00f3n en nuestros hogares, en la econom\u00eda, en las empresas, y la prolongaci\u00f3n de esta situaci\u00f3n ha hecho que uno se vaya agotando, estresando cada vez m\u00e1s\u201d.<\/p>\n<p>El bloqueo impide, de forma directa, la adquisici\u00f3n de equipos y componentes cr\u00edticos. Por ejemplo, no se pueden comprar turbinas o sistemas de control modernos porque contienen m\u00e1s del 10% de componentes de origen estadounidense, lo que activa las restricciones legales impuestas por Washington. Incluso un sensor que en el mercado global cuesta 500 d\u00f3lares puede llegar a costar 10.000 d\u00f3lares en Cuba y tardar meses en ser entregado, debido a las complejas rutas de intermediaci\u00f3n que exige la pol\u00edtica coercitiva.<\/p>\n<p>Adem\u00e1s, el informe denuncia casos concretos de cancelaci\u00f3n de contratos por presi\u00f3n estadounidense. En 2023, una empresa europea anul\u00f3 la venta de repuestos para turbinas que habr\u00edan aportado m\u00e1s de 100 megavatios \u2014suficientes para abastecer a 120.000 viviendas\u2014, pese a que Cuba ya contaba con el financiamiento. Asimismo, los buques que transportan combustible a la Isla enfrentan amenazas de multas, embargo de activos y exclusi\u00f3n del sistema financiero global, lo que provoca retrasos que dejan indisponibles m\u00e1s de 300 MW diarios en generaci\u00f3n distribuida.<\/p>\n<p>La transici\u00f3n hacia fuentes renovables tambi\u00e9n se ve bloqueada. Los bancos internacionales se niegan a procesar transacciones para la compra de paneles solares o aerogeneradores debido al dominio del d\u00f3lar en el sistema financiero mundial y al temor a sanciones secundarias. Recientemente, se impidi\u00f3 la puesta en marcha de una pieza clave en la termoel\u00e9ctrica de Cienfuegos porque conten\u00eda componentes estadounidenses, a pesar de que la asistencia t\u00e9cnica proven\u00eda de un pa\u00eds amigo.<\/p>\n<p>Incluso el personal t\u00e9cnico extranjero sufre presiones: especialistas contratados han cancelado viajes a \u00faltima hora, incluso estando ya en el aeropuerto, por temor a represalias de las autoridades estadounidenses.<\/p>\n<p>\u201cEl bloqueo no es una excusa \u2014afirm\u00f3 Amar\u00e1n Bogachova a <em>Cubadebate<\/em>\u2014, es una pol\u00edtica deliberada de estrangulamiento econ\u00f3mico que busca generar descontento social y debilitar la soberan\u00eda nacional\u201d. Lo compar\u00f3 con un \u201csistema enfermo al que se le niegan las medicinas para curarlo\u201d.<\/p>\n<p>Con da\u00f1os acumulados que superan los 2,1 billones de d\u00f3lares en valor del oro, y un impacto diario que paraliza inversiones vitales, el bloqueo no solo limita el desarrollo econ\u00f3mico, sino que socava directamente la capacidad de Cuba para garantizar un servicio tan b\u00e1sico como la electricidad. Ante este escenario, el pa\u00eds reitera su llamado a la comunidad internacional a poner fin a esta pol\u00edtica unilateral. Los d\u00edas 28 y 29 de octubre, la Asamblea General de las Naciones Unidas votar\u00e1 nuevamente la resoluci\u00f3n \u201cNecesidad de poner fin al bloqueo econ\u00f3mico, comercial y financiero impuesto por los Estados Unidos de Am\u00e9rica contra Cuba\u201d.<\/p>\n<p><em><strong>Con informaci\u00f3n de <a href=\"http:\/\/www.cubadebate.cu\/especiales\/2025\/10\/02\/cuba-en-datos-como-impacta-el-bloqueo-de-eeuu-en-el-sistema-electroenergetico-nacional\/\" target=\"_blank\" rel=\"noopener noreferrer nofollow\">Cubadebate<\/a><\/strong><\/em><\/p>\n","protected":false},"excerpt":{"rendered":"<p>El impacto m\u00e1s dram\u00e1tico del bloqueo se evidencia en el sector energ\u00e9tico.<\/p>\n","protected":false},"author":4,"featured_media":49724,"comment_status":"open","ping_status":"open","sticky":false,"template":"","format":"standard","meta":{"_acf_changed":false,"footnotes":""},"categories":[8,3],"tags":[1297,48,420,2059,2058,541],"coauthors":[1883],"class_list":["post-55012","post","type-post","status-publish","format-standard","has-post-thumbnail","hentry","category-noticia","category-cuba","tag-bloqueo","tag-bloqueo-contra-cuba","tag-cuba-bloqueo","tag-cubadebate","tag-ministerio-de-energia-y-minas","tag-sistema-electroenergetico-nacional"],"acf":[],"_links":{"self":[{"href":"https:\/\/www.radiosanctispiritus.cu\/es\/wp-json\/wp\/v2\/posts\/55012","targetHints":{"allow":["GET"]}}],"collection":[{"href":"https:\/\/www.radiosanctispiritus.cu\/es\/wp-json\/wp\/v2\/posts"}],"about":[{"href":"https:\/\/www.radiosanctispiritus.cu\/es\/wp-json\/wp\/v2\/types\/post"}],"author":[{"embeddable":true,"href":"https:\/\/www.radiosanctispiritus.cu\/es\/wp-json\/wp\/v2\/users\/4"}],"replies":[{"embeddable":true,"href":"https:\/\/www.radiosanctispiritus.cu\/es\/wp-json\/wp\/v2\/comments?post=55012"}],"version-history":[{"count":1,"href":"https:\/\/www.radiosanctispiritus.cu\/es\/wp-json\/wp\/v2\/posts\/55012\/revisions"}],"predecessor-version":[{"id":55013,"href":"https:\/\/www.radiosanctispiritus.cu\/es\/wp-json\/wp\/v2\/posts\/55012\/revisions\/55013"}],"wp:featuredmedia":[{"embeddable":true,"href":"https:\/\/www.radiosanctispiritus.cu\/es\/wp-json\/wp\/v2\/media\/49724"}],"wp:attachment":[{"href":"https:\/\/www.radiosanctispiritus.cu\/es\/wp-json\/wp\/v2\/media?parent=55012"}],"wp:term":[{"taxonomy":"category","embeddable":true,"href":"https:\/\/www.radiosanctispiritus.cu\/es\/wp-json\/wp\/v2\/categories?post=55012"},{"taxonomy":"post_tag","embeddable":true,"href":"https:\/\/www.radiosanctispiritus.cu\/es\/wp-json\/wp\/v2\/tags?post=55012"},{"taxonomy":"author","embeddable":true,"href":"https:\/\/www.radiosanctispiritus.cu\/es\/wp-json\/wp\/v2\/coauthors?post=55012"}],"curies":[{"name":"wp","href":"https:\/\/api.w.org\/{rel}","templated":true}]}}