{"id":54960,"date":"2025-10-01T09:07:30","date_gmt":"2025-10-01T13:07:30","guid":{"rendered":"https:\/\/www.radiosanctispiritus.cu\/es\/?p=54960"},"modified":"2025-10-01T09:07:30","modified_gmt":"2025-10-01T13:07:30","slug":"aboga-cuba-por-cumbre-hemisferica-sin-exclusiones","status":"publish","type":"post","link":"https:\/\/www.radiosanctispiritus.cu\/es\/aboga-cuba-por-cumbre-hemisferica-sin-exclusiones\/","title":{"rendered":"Aboga Cuba por una Cumbre hemisf\u00e9rica sin exclusiones"},"content":{"rendered":"<p data-spm-anchor-id=\"a2ty_o01.29997173.0.i9.6105c921buGo1y\">El Ministerio de Relaciones Exteriores de Cuba <a href=\"https:\/\/cubaminrex.cu\/es\/la-unidad-y-defensa-de-nuestra-america-pasa-por-una-cumbre-hemisferica-sin-exclusiones\" target=\"_blank\" rel=\"noopener noreferrer nofollow\">expres\u00f3 este martes<\/a> su \u201cprofunda preocupaci\u00f3n y rechazo\u201d ante la decisi\u00f3n del gobierno de Estados Unidos de presionar a la Rep\u00fablica Dominicana para excluir a Cuba, junto con otros dos pa\u00edses, de la X Cumbre de las Am\u00e9ricas, que se celebrar\u00e1 los d\u00edas 4 y 5 de diciembre en Punta Cana.<\/p>\n<p>En declaraci\u00f3n oficial, el MinRex calific\u00f3 esta medida como \u201cuna evidente claudicaci\u00f3n ante las brutales presiones unilaterales del Secretario de Estado estadounidense\u201d, y advirti\u00f3 que la exclusi\u00f3n de naciones soberanas representa una \u201cinvoluci\u00f3n hist\u00f3rica\u201d en el sistema de cumbres interamericanas, al hacer imposible un di\u00e1logo \u201crespetuoso y productivo\u201d entre Am\u00e9rica Latina, el Caribe y Estados Unidos.<\/p>\n<p>La Canciller\u00eda cubana denunci\u00f3 que Washington vuelve a recurrir a la \u201cpol\u00edtica de ca\u00f1oneras\u201d y a la Doctrina Monroe para imponer su voluntad en la regi\u00f3n, en abierto desaf\u00edo a la <strong>Proclama de Am\u00e9rica Latina y el Caribe como Zona de Paz<\/strong>, adoptada en 2014 por la Comunidad de Estados Latinoamericanos y Caribe\u00f1os (CELAC), que reconoce a la regi\u00f3n como una comunidad de Estados independientes, soberanos y comprometidos con la libre determinaci\u00f3n.<\/p>\n<p>\u201cDe persistir esta decisi\u00f3n, prevalecer\u00e1 la subordinaci\u00f3n y el sometimiento al vecino voraz y expansionista, que amenaza la paz, seguridad y estabilidad regionales\u201d, se\u00f1al\u00f3 el MinRex.<\/p>\n<p>La declaraci\u00f3n record\u00f3 las palabras del Presidente Miguel D\u00edaz-Canel en febrero de 2025: <em>\u201cHoy ese Gobierno de los Estados Unidos pretende definir las opciones para los pa\u00edses de la regi\u00f3n, que son: o someternos o ser objeto de agresi\u00f3n\u201d<\/em>.<\/p>\n<p>Cuba subray\u00f3 que esta exclusi\u00f3n ignora los avances alcanzados en cumbres anteriores \u2014especialmente la hist\u00f3rica participaci\u00f3n cubana en la VII Cumbre de las Am\u00e9ricas en Panam\u00e1, en 2015\u2014 y desoye la protesta casi un\u00e1nime de la regi\u00f3n. En la fallida Cumbre de Los \u00c1ngeles (2022), varios jefes de Estado y Gobierno se negaron a asistir, y 18 mandatarios junto con 11 cancilleres expresaron su rechazo a la pol\u00edtica excluyente de Washington.<\/p>\n<p>\u201cUna Cumbre de las Am\u00e9ricas construida sobre la exclusi\u00f3n y la coerci\u00f3n est\u00e1 condenada al fracaso\u201d, afirm\u00f3 el MinRex, al insistir en que no puede hablarse seriamente de \u201cdi\u00e1logo pol\u00edtico\u201d si se basa en \u201ccensura, inequidad y abuso\u201d.<\/p>\n<p>En ese sentido, Cuba reiter\u00f3 su disposici\u00f3n al \u201cdi\u00e1logo respetuoso y constructivo, en condiciones de igualdad soberana y sin exclusiones\u201d.<\/p>\n<p>La declaraci\u00f3n concluy\u00f3 citando al General de Ej\u00e9rcito Ra\u00fal Castro Ruz durante su intervenci\u00f3n en la Cumbre de Panam\u00e1 en 2015: <em>\u201cLas relaciones hemisf\u00e9ricas, en mi opini\u00f3n, han de cambiar profundamente\u2026 para que, basadas en el Derecho Internacional y en el ejercicio de la autodeterminaci\u00f3n y la igualdad soberana, se centren en el desarrollo de v\u00ednculos mutuamente provechosos\u201d<\/em>.<\/p>\n<p>\u201cDiez a\u00f1os despu\u00e9s\u201d, concluy\u00f3 el MinRex, \u201clas relaciones hemisf\u00e9ricas no han cambiado su esencia\u201d.<\/p>\n<p><em><strong>Con informaci\u00f3n de <a href=\"https:\/\/cubaminrex.cu\/es\/la-unidad-y-defensa-de-nuestra-america-pasa-por-una-cumbre-hemisferica-sin-exclusiones\" target=\"_blank\" rel=\"noopener noreferrer nofollow\">CubaMinRex<\/a><\/strong><\/em><\/p>\n","protected":false},"excerpt":{"rendered":"<p>Cuba rechaza exclusi\u00f3n en Cumbre de las Am\u00e9ricas impuesta por EE.UU. y defiende soberan\u00eda regional.<\/p>\n","protected":false},"author":4,"featured_media":54966,"comment_status":"open","ping_status":"open","sticky":false,"template":"","format":"standard","meta":{"_acf_changed":false,"footnotes":""},"categories":[8,3],"tags":[575,1490,2054,2055,99],"coauthors":[1883],"class_list":["post-54960","post","type-post","status-publish","format-standard","has-post-thumbnail","hentry","category-noticia","category-cuba","tag-cuba-minrex","tag-cumbre","tag-cumbre-de-las-americas","tag-declaracion-oficial","tag-minrex"],"acf":[],"_links":{"self":[{"href":"https:\/\/www.radiosanctispiritus.cu\/es\/wp-json\/wp\/v2\/posts\/54960","targetHints":{"allow":["GET"]}}],"collection":[{"href":"https:\/\/www.radiosanctispiritus.cu\/es\/wp-json\/wp\/v2\/posts"}],"about":[{"href":"https:\/\/www.radiosanctispiritus.cu\/es\/wp-json\/wp\/v2\/types\/post"}],"author":[{"embeddable":true,"href":"https:\/\/www.radiosanctispiritus.cu\/es\/wp-json\/wp\/v2\/users\/4"}],"replies":[{"embeddable":true,"href":"https:\/\/www.radiosanctispiritus.cu\/es\/wp-json\/wp\/v2\/comments?post=54960"}],"version-history":[{"count":1,"href":"https:\/\/www.radiosanctispiritus.cu\/es\/wp-json\/wp\/v2\/posts\/54960\/revisions"}],"predecessor-version":[{"id":54967,"href":"https:\/\/www.radiosanctispiritus.cu\/es\/wp-json\/wp\/v2\/posts\/54960\/revisions\/54967"}],"wp:featuredmedia":[{"embeddable":true,"href":"https:\/\/www.radiosanctispiritus.cu\/es\/wp-json\/wp\/v2\/media\/54966"}],"wp:attachment":[{"href":"https:\/\/www.radiosanctispiritus.cu\/es\/wp-json\/wp\/v2\/media?parent=54960"}],"wp:term":[{"taxonomy":"category","embeddable":true,"href":"https:\/\/www.radiosanctispiritus.cu\/es\/wp-json\/wp\/v2\/categories?post=54960"},{"taxonomy":"post_tag","embeddable":true,"href":"https:\/\/www.radiosanctispiritus.cu\/es\/wp-json\/wp\/v2\/tags?post=54960"},{"taxonomy":"author","embeddable":true,"href":"https:\/\/www.radiosanctispiritus.cu\/es\/wp-json\/wp\/v2\/coauthors?post=54960"}],"curies":[{"name":"wp","href":"https:\/\/api.w.org\/{rel}","templated":true}]}}