{"id":54952,"date":"2025-10-01T08:17:20","date_gmt":"2025-10-01T12:17:20","guid":{"rendered":"https:\/\/www.radiosanctispiritus.cu\/es\/?p=54952"},"modified":"2025-10-01T08:18:08","modified_gmt":"2025-10-01T12:18:08","slug":"waldo-mendoza-este-primero-de-octubre-en-fomento","status":"publish","type":"post","link":"https:\/\/www.radiosanctispiritus.cu\/es\/waldo-mendoza-este-primero-de-octubre-en-fomento\/","title":{"rendered":"Waldo Mendoza este primero de octubre en Fomento"},"content":{"rendered":"<p>Los fomentenses amantes de los g\u00e9neros musicales del bolero y la balada podr\u00e1n disfrutar del concierto de Waldo Mendoza con el elenco art\u00edstico de la telenovela cubana Regreso al Coraz\u00f3n este 1 de octubre a las 10 de la noche en la Plaza Cultural de este territorio.<\/p>\n<p>El concierto est\u00e1 previsto para las 10 de la noche en el que podr\u00e1n acceder a varias interpretaciones de temas del propio autor y de otros compositores incluidos en sus discos con sello EGREM.<\/p>\n<p>Entre ellos podemos citar <em>\u00abBendito tiempo\u00bb, \u00abHojas del alma\u00bb, \u00abDesde la Habana\u00bb, \u00ab\u00c9poca de amar\u00bb<\/em>, entre otros temas merecedores de premios como <em>\u00ab\u00c1ngel<\/em>\u00ab, del realizador Asiel Babastro, en la vig\u00e9sima edici\u00f3n de los Lucas.<\/p>\n<p><iframe src=\"https:\/\/www.ivoox.com\/player_ej_159776862_6_1.html?c1=7a0d0b\" width=\"100%\" height=\"200\" frameborder=\"0\" allowfullscreen=\"\" scrolling=\"no\" loading=\"lazy\"><\/iframe><\/p>\n","protected":false},"excerpt":{"rendered":"<p>Disfrutar\u00e1n los fomentenses amantes de la m\u00fasica rom\u00e1ntica del concierto del popular cantante y compositor Waldo Mendoza, acompa\u00f1ado por el elenco de la novela cubana Regreso al Coraz\u00f3n este primero de octubre a las 10 de la noche en la Plaza Cultural.<\/p>\n","protected":false},"author":185,"featured_media":54953,"comment_status":"open","ping_status":"open","sticky":false,"template":"","format":"standard","meta":{"_acf_changed":false,"footnotes":""},"categories":[8,6,1],"tags":[282,265,531,1741],"coauthors":[1911],"class_list":["post-54952","post","type-post","status-publish","format-standard","has-post-thumbnail","hentry","category-noticia","category-cultura","category-sancti-spiritus","tag-cultura","tag-cultura-cubana","tag-musica","tag-musica-cubana"],"acf":[],"_links":{"self":[{"href":"https:\/\/www.radiosanctispiritus.cu\/es\/wp-json\/wp\/v2\/posts\/54952","targetHints":{"allow":["GET"]}}],"collection":[{"href":"https:\/\/www.radiosanctispiritus.cu\/es\/wp-json\/wp\/v2\/posts"}],"about":[{"href":"https:\/\/www.radiosanctispiritus.cu\/es\/wp-json\/wp\/v2\/types\/post"}],"author":[{"embeddable":true,"href":"https:\/\/www.radiosanctispiritus.cu\/es\/wp-json\/wp\/v2\/users\/185"}],"replies":[{"embeddable":true,"href":"https:\/\/www.radiosanctispiritus.cu\/es\/wp-json\/wp\/v2\/comments?post=54952"}],"version-history":[{"count":1,"href":"https:\/\/www.radiosanctispiritus.cu\/es\/wp-json\/wp\/v2\/posts\/54952\/revisions"}],"predecessor-version":[{"id":54954,"href":"https:\/\/www.radiosanctispiritus.cu\/es\/wp-json\/wp\/v2\/posts\/54952\/revisions\/54954"}],"wp:featuredmedia":[{"embeddable":true,"href":"https:\/\/www.radiosanctispiritus.cu\/es\/wp-json\/wp\/v2\/media\/54953"}],"wp:attachment":[{"href":"https:\/\/www.radiosanctispiritus.cu\/es\/wp-json\/wp\/v2\/media?parent=54952"}],"wp:term":[{"taxonomy":"category","embeddable":true,"href":"https:\/\/www.radiosanctispiritus.cu\/es\/wp-json\/wp\/v2\/categories?post=54952"},{"taxonomy":"post_tag","embeddable":true,"href":"https:\/\/www.radiosanctispiritus.cu\/es\/wp-json\/wp\/v2\/tags?post=54952"},{"taxonomy":"author","embeddable":true,"href":"https:\/\/www.radiosanctispiritus.cu\/es\/wp-json\/wp\/v2\/coauthors?post=54952"}],"curies":[{"name":"wp","href":"https:\/\/api.w.org\/{rel}","templated":true}]}}