{"id":54936,"date":"2025-10-01T07:15:46","date_gmt":"2025-10-01T11:15:46","guid":{"rendered":"https:\/\/www.radiosanctispiritus.cu\/es\/?p=54936"},"modified":"2025-10-01T08:18:46","modified_gmt":"2025-10-01T12:18:46","slug":"sancti-spiritus-se-alista-para-temporada-alta-del-turismo","status":"publish","type":"post","link":"https:\/\/www.radiosanctispiritus.cu\/es\/sancti-spiritus-se-alista-para-temporada-alta-del-turismo\/","title":{"rendered":"Sancti Sp\u00edritus se alista para temporada alta del turismo"},"content":{"rendered":"<p>De cara a la temporada alta del turismo que iniciar\u00e1 desde noviembre hasta marzo del pr\u00f3ximo a\u00f1o, Santi Sp\u00edritus se prepara para recibir un mayor n\u00famero de clientes en sus instalaciones.<\/p>\n<p>Seg\u00fan Jordanis Fern\u00e1ndez Alonso, delegado provincial del ministro de turismo, la infraestructura hotelera tiene las condiciones creadas para la venidera etapa y proyecta otras acciones que favorecen al sector del territorio.<\/p>\n<p>M\u00e1s detalles en el siguiente trabajo period\u00edstico.<\/p>\n<p><iframe src=\"https:\/\/www.ivoox.com\/player_ej_159790105_6_1.html?c1=7a0d0b\" width=\"100%\" height=\"200\" frameborder=\"0\" allowfullscreen=\"\" scrolling=\"no\" loading=\"lazy\"><\/iframe><\/p>\n","protected":false},"excerpt":{"rendered":"<p>De cara a la temporada alta del turismo que iniciar\u00e1 desde noviembre hasta marzo del pr\u00f3ximo a\u00f1o, Santi Sp\u00edritus se prepara para recibir un mayor n\u00famero de clientes en sus instalaciones.<\/p>\n","protected":false},"author":166,"featured_media":26599,"comment_status":"open","ping_status":"open","sticky":false,"template":"","format":"standard","meta":{"_acf_changed":false,"footnotes":""},"categories":[8,1,1170],"tags":[23],"coauthors":[1901],"class_list":["post-54936","post","type-post","status-publish","format-standard","has-post-thumbnail","hentry","category-noticia","category-sancti-spiritus","category-turismo","tag-turismo"],"acf":[],"_links":{"self":[{"href":"https:\/\/www.radiosanctispiritus.cu\/es\/wp-json\/wp\/v2\/posts\/54936","targetHints":{"allow":["GET"]}}],"collection":[{"href":"https:\/\/www.radiosanctispiritus.cu\/es\/wp-json\/wp\/v2\/posts"}],"about":[{"href":"https:\/\/www.radiosanctispiritus.cu\/es\/wp-json\/wp\/v2\/types\/post"}],"author":[{"embeddable":true,"href":"https:\/\/www.radiosanctispiritus.cu\/es\/wp-json\/wp\/v2\/users\/166"}],"replies":[{"embeddable":true,"href":"https:\/\/www.radiosanctispiritus.cu\/es\/wp-json\/wp\/v2\/comments?post=54936"}],"version-history":[{"count":3,"href":"https:\/\/www.radiosanctispiritus.cu\/es\/wp-json\/wp\/v2\/posts\/54936\/revisions"}],"predecessor-version":[{"id":54940,"href":"https:\/\/www.radiosanctispiritus.cu\/es\/wp-json\/wp\/v2\/posts\/54936\/revisions\/54940"}],"wp:featuredmedia":[{"embeddable":true,"href":"https:\/\/www.radiosanctispiritus.cu\/es\/wp-json\/wp\/v2\/media\/26599"}],"wp:attachment":[{"href":"https:\/\/www.radiosanctispiritus.cu\/es\/wp-json\/wp\/v2\/media?parent=54936"}],"wp:term":[{"taxonomy":"category","embeddable":true,"href":"https:\/\/www.radiosanctispiritus.cu\/es\/wp-json\/wp\/v2\/categories?post=54936"},{"taxonomy":"post_tag","embeddable":true,"href":"https:\/\/www.radiosanctispiritus.cu\/es\/wp-json\/wp\/v2\/tags?post=54936"},{"taxonomy":"author","embeddable":true,"href":"https:\/\/www.radiosanctispiritus.cu\/es\/wp-json\/wp\/v2\/coauthors?post=54936"}],"curies":[{"name":"wp","href":"https:\/\/api.w.org\/{rel}","templated":true}]}}