{"id":54927,"date":"2025-09-30T23:34:33","date_gmt":"2025-10-01T03:34:33","guid":{"rendered":"https:\/\/www.radiosanctispiritus.cu\/es\/?p=54927"},"modified":"2025-10-01T09:26:42","modified_gmt":"2025-10-01T13:26:42","slug":"condena-canciller-cubana-exclusion-de-tres-naciones-de-x-cumbre-de-las-americas","status":"publish","type":"post","link":"https:\/\/www.radiosanctispiritus.cu\/es\/condena-canciller-cubana-exclusion-de-tres-naciones-de-x-cumbre-de-las-americas\/","title":{"rendered":"Condena canciller\u00eda cubana exclusi\u00f3n de tres naciones de X Cumbre de las Am\u00e9ricas"},"content":{"rendered":"<p>El ministro de Relaciones Exteriores de Cuba, Bruno Rodr\u00edguez Parrilla, repudi\u00f3 este martes la decisi\u00f3n del Gobierno de Rep\u00fablica Dominicana de excluir a su pa\u00eds, Venezuela y Nicaragua de la pr\u00f3xima Cumbre de las Am\u00e9ricas.<\/p>\n<p>\u00abExpresamos profunda preocupaci\u00f3n y rechazo a decisi\u00f3n impuesta por el gobierno de EEUU a Rep\u00fablica Dominicana de excluir a tres pa\u00edses, entre ellos Cuba, de la X Cumbre de las Am\u00e9ricas\u00bb, manifest\u00f3 Rodr\u00edguez Parrilla por medio de la red social X.<\/p>\n<p>Seg\u00fan coment\u00f3, \u00abuna Cumbre de las Am\u00e9ricas construida sobre la exclusi\u00f3n y coerci\u00f3n est\u00e1 condenada al fracaso\u00bb.<\/p>\n<p>La denuncia del Ministro sigui\u00f3 a una declaraci\u00f3n divulgada este propio martes por la Canciller\u00eda cubana, denominado La unidad y defensa de Nuestra Am\u00e9rica pasa por una Cumbre hemisf\u00e9rica sin exclusiones.<\/p>\n<p>El texto asegura que la determinaci\u00f3n de las autoridades dominicanas relativa a la Cumbre del 4 y 5 de diciembre pr\u00f3ximo, en Punta Cana, \u00abconstituye una evidente claudicaci\u00f3n ante las brutales presiones unilaterales del Secretario de Estado estadounidense\u00bb.<\/p>\n<p>De esa manera, de acuerdo con la nota ministerial,\u00bb se consolidar\u00eda la involuci\u00f3n hist\u00f3rica en este sistema de cumbres y har\u00eda imposible un intercambio respetuoso y productivo de la Am\u00e9rica Latina y el Caribe con la potencia imperialista que vuelve a usar la pol\u00edtica de ca\u00f1oneras y la Doctrina Monroe contra nuestra regi\u00f3n\u00bb.<\/p>\n<p>Si persiste la decisi\u00f3n, subraya, \u00abprevalecer\u00e1 la subordinaci\u00f3n y el sometimiento al vecino voraz y expansionista, que amenaza la paz, seguridad y estabilidad regionales en abierto desaf\u00edo a la Proclama de la Am\u00e9rica Latina y el Caribe como Zona de Paz y comunidad de Estados independientes y soberanos en ejercicio de la libre determinaci\u00f3n, en unidad basada en la diversidad\u00bb.<\/p>\n<p>El Gobierno dominicano decidi\u00f3 no invitar al venidero c\u00f3nclave a las representaciones cubana, venezolana y nicaraguense, afirm\u00f3 una nota oficial del Ministerio de Relaciones Exteriores de esa naci\u00f3n.<\/p>\n<p>Se\u00f1ala la comunicaci\u00f3n que, en el actual contexto de polarizaci\u00f3n pol\u00edtica, Rep\u00fablica Dominicana apuesta por priorizar el \u00e9xito de la Cumbre.<\/p>\n<p>No invitar a Cuba, Venezuela y Nicaragua, precisa, es una decisi\u00f3n provocada por \u00ablas circunstancias hemisf\u00e9ricas\u00bb con el prop\u00f3sito de garantizar mayor convocatoria.<\/p>\n<p>Asimismo, aclara que las relaciones del gobierno dominicano con Cuba son hist\u00f3ricas, s\u00f3lidas y excelentes, y los Estados \u00abhan gestionado siempre con respeto rec\u00edproco\u00bb sus diferencias.<\/p>\n<p>Respecto a Venezuela, declara que tienen lazos hist\u00f3ricos, aunque \u00abno ha reconocido la legitimidad de las dos \u00faltimas elecciones presidenciales celebradas all\u00ed, mientras que las autoridades venezolanas han suspendido las relaciones diplom\u00e1ticas\u00bb.<\/p>\n<p>Acerca de Nicaragua, puntualiza que las relaciones son \u00abcordiales\u00bb y mantienen un \u00abcomercio bilateral equilibrado\u00bb.<\/p>\n<p>&nbsp;<\/p>\n","protected":false},"excerpt":{"rendered":"<p>El ministro de Relaciones Exteriores de Cuba, Bruno Rodr\u00edguez Parrilla, repudi\u00f3 este martes la decisi\u00f3n del Gobierno de Rep\u00fablica Dominicana de excluir a su pa\u00eds, Venezuela y Nicaragua de la pr\u00f3xima Cumbre de las Am\u00e9ricas.<\/p>\n","protected":false},"author":22,"featured_media":54928,"comment_status":"open","ping_status":"open","sticky":false,"template":"","format":"standard","meta":{"_acf_changed":false,"footnotes":""},"categories":[8,3,4],"tags":[100,575,2054,285],"coauthors":[1882],"class_list":["post-54927","post","type-post","status-publish","format-standard","has-post-thumbnail","hentry","category-noticia","category-cuba","category-internacionales","tag-bruno-rodriguez","tag-cuba-minrex","tag-cumbre-de-las-americas","tag-relaciones-cuba-ee-uu"],"acf":[],"_links":{"self":[{"href":"https:\/\/www.radiosanctispiritus.cu\/es\/wp-json\/wp\/v2\/posts\/54927","targetHints":{"allow":["GET"]}}],"collection":[{"href":"https:\/\/www.radiosanctispiritus.cu\/es\/wp-json\/wp\/v2\/posts"}],"about":[{"href":"https:\/\/www.radiosanctispiritus.cu\/es\/wp-json\/wp\/v2\/types\/post"}],"author":[{"embeddable":true,"href":"https:\/\/www.radiosanctispiritus.cu\/es\/wp-json\/wp\/v2\/users\/22"}],"replies":[{"embeddable":true,"href":"https:\/\/www.radiosanctispiritus.cu\/es\/wp-json\/wp\/v2\/comments?post=54927"}],"version-history":[{"count":2,"href":"https:\/\/www.radiosanctispiritus.cu\/es\/wp-json\/wp\/v2\/posts\/54927\/revisions"}],"predecessor-version":[{"id":54968,"href":"https:\/\/www.radiosanctispiritus.cu\/es\/wp-json\/wp\/v2\/posts\/54927\/revisions\/54968"}],"wp:featuredmedia":[{"embeddable":true,"href":"https:\/\/www.radiosanctispiritus.cu\/es\/wp-json\/wp\/v2\/media\/54928"}],"wp:attachment":[{"href":"https:\/\/www.radiosanctispiritus.cu\/es\/wp-json\/wp\/v2\/media?parent=54927"}],"wp:term":[{"taxonomy":"category","embeddable":true,"href":"https:\/\/www.radiosanctispiritus.cu\/es\/wp-json\/wp\/v2\/categories?post=54927"},{"taxonomy":"post_tag","embeddable":true,"href":"https:\/\/www.radiosanctispiritus.cu\/es\/wp-json\/wp\/v2\/tags?post=54927"},{"taxonomy":"author","embeddable":true,"href":"https:\/\/www.radiosanctispiritus.cu\/es\/wp-json\/wp\/v2\/coauthors?post=54927"}],"curies":[{"name":"wp","href":"https:\/\/api.w.org\/{rel}","templated":true}]}}