{"id":54716,"date":"2025-09-28T05:07:59","date_gmt":"2025-09-28T09:07:59","guid":{"rendered":"https:\/\/www.radiosanctispiritus.cu\/es\/?p=54716"},"modified":"2025-09-27T16:36:00","modified_gmt":"2025-09-27T20:36:00","slug":"aniversario-cederista-revive-historias","status":"publish","type":"post","link":"https:\/\/www.radiosanctispiritus.cu\/es\/aniversario-cederista-revive-historias\/","title":{"rendered":"Aniversario cederista revive historias"},"content":{"rendered":"<p>\u00abCuando la Revoluci\u00f3n lleg\u00f3 al poder yo ten\u00eda 19 a\u00f1os. Mi hermano era m\u00e1s nuevo que yo, yo soy el mayor de seis hermanos\u00bb.<\/p>\n<p>Se trata de Luis Benedicto Lugones Garc\u00eda, un hombre sencillo que camina con paso lento pero seguro y aunque advierte le falla la memoria, sabe que a\u00fan le quedan muchas historias por contar.<\/p>\n<p>\u00abYo llego a los CDR por una propuesta que le hizo la compa\u00f1era Anola, era la organizadora del partido municipal en aquellos a\u00f1os.\u00a0Fue entre el 68 y 69. Entonces ella le dice al compa\u00f1ero director Jos\u00e9 Oliveros P\u00e9rez, que era Pepe, y le dijo a este hombre lo necesito para los CDR\u00bb.<\/p>\n<p>Lugones fue testigo del nacimiento de una organizaci\u00f3n \u00fanica y sin precedentes.<\/p>\n<p>\u00abEl mismo d\u00eda que Fidel, el mismo d\u00eda que se estaba formulando aqu\u00ed los CDR, estaba yo en un pase de la Limpia del Escambray en mi casa y dijeron, escucha, est\u00e1n diciendo por radio que van a hacer unos CDR en las cuadras para que vigilen tambi\u00e9n y ayude a coger todo el que se meta en el pa\u00eds. Y entonces dijeron, bueno, ya t\u00fa sabes, cuando vengas ya te tengo aqu\u00ed en el CDR. Pero eso fue en el 62.\u00a0Yo termin\u00e9 en la Limpia del Escambray como en el 65 o 66\u00bb.<\/p>\n<p>Proveniente de una familia campesina y pobre, se sinti\u00f3 comprometido ante el llamado de la Revoluci\u00f3n.<\/p>\n<p>\u00abEstuve en la lucha contra bandidos. Cinco a\u00f1os janeados en la lucha contra bandidos. Cinco a\u00f1os de disgusto, de tragedia, de tristeza, de sacrificio. Cuando llov\u00eda, a veces no ven\u00eda el almuerzo, a veces echabas un cerco y ten\u00edas que estar abajo de la lluvia en el cerco para si los alzados trataban de romper el cerco, que no se pudieran ir. Y fueron cinco a\u00f1os. Sancti Sp\u00edritus, Trinidad, Matanzas, Yaguajay, zonas de Camag\u00fcey que nunca las hab\u00eda conocido.<\/p>\n<p>Detiene el tiempo y aflora la a\u00f1oranza.<\/p>\n<p>\u00abNosotros tenemos muchas cosas perdidas que debi\u00e9ramos recuperar. Yo ten\u00eda todos los d\u00edas 19 en mi guardia cederista. No fallaba nunca la guardia. Era un ambiente muy bonito y era una obra de nueva creaci\u00f3n. Y m\u00e1s la puso el Comandante en Jefe, como todas las iniciativas de \u00e9l que han sido brillantes. No hay una obra del Comandante en Jefe, ni una idea que \u00e9l haya dado, que no sea brillante.<\/p>\n<p>Tomar\u00eda que regresen de nuevo para que hubieran unos CDR bonitos, en su funci\u00f3n.\u00a0Y que estuvi\u00e9ramos compartiendo de aquella alegr\u00eda y de aquel sabor.<\/p>\n<p>\u00abAh, otra cosa.<\/p>\n<p>Fui cocinero permanente de los CDR, haciendo la caldoza una bola de a\u00f1o. Con toda la gente a las 4, a las 5 de la tarde pelando viandas. Y ah\u00ed fue como estuve yo mi campa\u00f1a cederista. Nunca pregunt\u00e9 ni aspir\u00e9 en los CDR que si me iban a dar ni nada\u00bb.<\/p>\n<p>Y con la sencillez de sus palabras define el presente.<\/p>\n<p>\u00abHay una frase que dice que el principio de voluntariedad de la persona es que respetarlo. Hoy no reacciona nuestro pa\u00eds, no reacciona como reaccionaba en los primeros a\u00f1os. Pero cada cual aqu\u00ed sabe qui\u00e9n es el que est\u00e1 limpio y el que no est\u00e1 limpio. Y sabe qu\u00e9 camino escoger\u00bb.<\/p>\n<p><iframe src=\"https:\/\/www.ivoox.com\/player_ej_159408458_6_1.html?c1=7a0d0b\" width=\"100%\" height=\"200\" frameborder=\"0\" scrolling=\"no\" allowfullscreen=\"allowfullscreen\"><\/iframe><\/p>\n","protected":false},"excerpt":{"rendered":"<p>A lo largo de sus 65 a\u00f1os, los Comit\u00e9s de Defensa de la Revoluci\u00f3n atesoran incontables historia, en las que hombres y mujeres sencillas, de cualquier rinc\u00f3n del pa\u00eds, encierran el protagonismo que prestigia a la mayor organizaci\u00f3n de masas del pa\u00eds.<\/p>\n","protected":false},"author":173,"featured_media":54723,"comment_status":"open","ping_status":"open","sticky":false,"template":"","format":"standard","meta":{"_acf_changed":false,"footnotes":""},"categories":[9,8,1],"tags":[324,907],"coauthors":[1865],"class_list":["post-54716","post","type-post","status-publish","format-standard","has-post-thumbnail","hentry","category-en-audio","category-noticia","category-sancti-spiritus","tag-cdr","tag-comites-de-defensa-de-la-revolucion"],"acf":[],"_links":{"self":[{"href":"https:\/\/www.radiosanctispiritus.cu\/es\/wp-json\/wp\/v2\/posts\/54716","targetHints":{"allow":["GET"]}}],"collection":[{"href":"https:\/\/www.radiosanctispiritus.cu\/es\/wp-json\/wp\/v2\/posts"}],"about":[{"href":"https:\/\/www.radiosanctispiritus.cu\/es\/wp-json\/wp\/v2\/types\/post"}],"author":[{"embeddable":true,"href":"https:\/\/www.radiosanctispiritus.cu\/es\/wp-json\/wp\/v2\/users\/173"}],"replies":[{"embeddable":true,"href":"https:\/\/www.radiosanctispiritus.cu\/es\/wp-json\/wp\/v2\/comments?post=54716"}],"version-history":[{"count":5,"href":"https:\/\/www.radiosanctispiritus.cu\/es\/wp-json\/wp\/v2\/posts\/54716\/revisions"}],"predecessor-version":[{"id":54722,"href":"https:\/\/www.radiosanctispiritus.cu\/es\/wp-json\/wp\/v2\/posts\/54716\/revisions\/54722"}],"wp:featuredmedia":[{"embeddable":true,"href":"https:\/\/www.radiosanctispiritus.cu\/es\/wp-json\/wp\/v2\/media\/54723"}],"wp:attachment":[{"href":"https:\/\/www.radiosanctispiritus.cu\/es\/wp-json\/wp\/v2\/media?parent=54716"}],"wp:term":[{"taxonomy":"category","embeddable":true,"href":"https:\/\/www.radiosanctispiritus.cu\/es\/wp-json\/wp\/v2\/categories?post=54716"},{"taxonomy":"post_tag","embeddable":true,"href":"https:\/\/www.radiosanctispiritus.cu\/es\/wp-json\/wp\/v2\/tags?post=54716"},{"taxonomy":"author","embeddable":true,"href":"https:\/\/www.radiosanctispiritus.cu\/es\/wp-json\/wp\/v2\/coauthors?post=54716"}],"curies":[{"name":"wp","href":"https:\/\/api.w.org\/{rel}","templated":true}]}}