{"id":54710,"date":"2025-09-28T05:31:53","date_gmt":"2025-09-28T09:31:53","guid":{"rendered":"https:\/\/www.radiosanctispiritus.cu\/es\/?p=54710"},"modified":"2025-09-27T15:58:32","modified_gmt":"2025-09-27T19:58:32","slug":"la-honra-espirituana-de-compartir-con-fidel-en-un-aniversario-cederista","status":"publish","type":"post","link":"https:\/\/www.radiosanctispiritus.cu\/es\/la-honra-espirituana-de-compartir-con-fidel-en-un-aniversario-cederista\/","title":{"rendered":"La honra espirituana de compartir con Fidel en un aniversario cederista"},"content":{"rendered":"<p>\u00abQueridos cederistas de Sancti Sp\u00edritus y de Cuba\u00bb.<\/p>\n<p>28 de septiembre de 1996, Plaza de la Revoluci\u00f3n Seraf\u00edn S\u00e1nchez Valdivia de Sancti Sp\u00edritus.<\/p>\n<p>\u00abSancti Sp\u00edritus no tuvo el 26, pero ha tenido el 28\u00bb.<\/p>\n<p>El Comandante en Jefe Fidel Castro Ruz honra la tierra de Seraf\u00edn y preside el Acto Nacional por el aniversario 36 de la Constituci\u00f3n de los Comit\u00e9s de Defensa de la Revoluci\u00f3n.<\/p>\n<p>Aquel no era un acto m\u00e1s. Dos meses atr\u00e1s, los espirituanos hab\u00edan librado una f\u00e9rrea lucha por la sede del Acto Nacional por el 26 de julio, que finalmente ganara Holgu\u00edn.<\/p>\n<p>Aunque la provincia fue premiada con la condici\u00f3n de Destacada, en el fuero interno de los yayaberos qued\u00f3 cierta inconformidad por no haber alcanzado aquella sede.<\/p>\n<p>Desde la grandeza de estatura pol\u00edtica y conocedor del alcance de aquel suceso, Fidel premi\u00f3 a los espirituanos.<\/p>\n<p>\u00abSancti Esp\u00edritu no tuvo el 26, pero ha tenido el 28. Casi, casi es sede del 26 por su excelente trabajo en este periodo. Y ahora sede del Acto Nacional de los CDR\u00bb.<\/p>\n<p>Bajo la direcci\u00f3n de Pedro S\u00e1ez Montejo, primer secretario del partido en la provincia, Sancti Sp\u00edritus hab\u00eda experimentado un renacer en todos los sentidos, gracias al impulso de importantes obras sociales, pero sobre todo a la movilizaci\u00f3n entusiasta del pueblo en tareas priorizadas.<\/p>\n<p>Todo traducido en un ambiente pol\u00edtico muy favorable en medio de los a\u00f1os duros del periodo especial.<\/p>\n<p>Ello motiv\u00f3 la presencia de Fidel en el Acto Nacional por los 36 a\u00f1os de los CDR, convertido en suceso inolvidable para la tierra del yayabo.<\/p>\n<p>\u00abVine con discreci\u00f3n, m\u00e1s bien en completo silencio.\u00a0No le avis\u00e9 a nadie, ni a Contino ni a S\u00e1ez. No es el h\u00e1bito de ser conspirador.\u00a0Es que ellos me hab\u00edan insistido mucho en d\u00edas recientes que participara en este acto y quise darles una sorpresa a ellos y a ustedes. De modo que este acto es un reconocimiento a dos partes, a los CDR y a Sancti Sp\u00edritus\u00bb.<\/p>\n<p>De traje cederista, Cuba vibra al comp\u00e1s de Sancti Sp\u00edritus, donde hace 29 a\u00f1os no hubo un 26, pero s\u00ed un 28, con la energ\u00eda y la sabia inconfundible de Fidel.<\/p>\n<p>\u00abLlevamos nuestras dificultades y nuestras escaseces con dignidad, con la dignidad de aquellos que no se rinden, con la dignidad de aquellos que no se pondr\u00e1n jam\u00e1s de rodillas.\u00a0Por eso, una vez m\u00e1s, y con orgullo y con gran satisfacci\u00f3n, como la que hemos recibido en la tarde de hoy. Socialismo o muerte. Patria o muerte. Venceremos\u00bb.<\/p>\n<p><iframe src=\"https:\/\/www.ivoox.com\/player_ej_159433800_6_1.html?c1=7a0d0b\" width=\"100%\" height=\"200\" frameborder=\"0\" scrolling=\"no\" allowfullscreen=\"allowfullscreen\"><\/iframe><\/p>\n","protected":false},"excerpt":{"rendered":"<p>De traje cederista, Cuba vibr\u00f3 en 1996 al comp\u00e1s de Sancti Sp\u00edritus, donde hace 29 a\u00f1os no hubo un 26, pero s\u00ed un 28, con la energ\u00eda y la sabia inconfundible de Fidel.<\/p>\n","protected":false},"author":14,"featured_media":54714,"comment_status":"open","ping_status":"open","sticky":false,"template":"","format":"standard","meta":{"_acf_changed":false,"footnotes":""},"categories":[9,8,1],"tags":[324,907,183],"coauthors":[1915],"class_list":["post-54710","post","type-post","status-publish","format-standard","has-post-thumbnail","hentry","category-en-audio","category-noticia","category-sancti-spiritus","tag-cdr","tag-comites-de-defensa-de-la-revolucion","tag-fidel-castro"],"acf":[],"_links":{"self":[{"href":"https:\/\/www.radiosanctispiritus.cu\/es\/wp-json\/wp\/v2\/posts\/54710","targetHints":{"allow":["GET"]}}],"collection":[{"href":"https:\/\/www.radiosanctispiritus.cu\/es\/wp-json\/wp\/v2\/posts"}],"about":[{"href":"https:\/\/www.radiosanctispiritus.cu\/es\/wp-json\/wp\/v2\/types\/post"}],"author":[{"embeddable":true,"href":"https:\/\/www.radiosanctispiritus.cu\/es\/wp-json\/wp\/v2\/users\/14"}],"replies":[{"embeddable":true,"href":"https:\/\/www.radiosanctispiritus.cu\/es\/wp-json\/wp\/v2\/comments?post=54710"}],"version-history":[{"count":3,"href":"https:\/\/www.radiosanctispiritus.cu\/es\/wp-json\/wp\/v2\/posts\/54710\/revisions"}],"predecessor-version":[{"id":54715,"href":"https:\/\/www.radiosanctispiritus.cu\/es\/wp-json\/wp\/v2\/posts\/54710\/revisions\/54715"}],"wp:featuredmedia":[{"embeddable":true,"href":"https:\/\/www.radiosanctispiritus.cu\/es\/wp-json\/wp\/v2\/media\/54714"}],"wp:attachment":[{"href":"https:\/\/www.radiosanctispiritus.cu\/es\/wp-json\/wp\/v2\/media?parent=54710"}],"wp:term":[{"taxonomy":"category","embeddable":true,"href":"https:\/\/www.radiosanctispiritus.cu\/es\/wp-json\/wp\/v2\/categories?post=54710"},{"taxonomy":"post_tag","embeddable":true,"href":"https:\/\/www.radiosanctispiritus.cu\/es\/wp-json\/wp\/v2\/tags?post=54710"},{"taxonomy":"author","embeddable":true,"href":"https:\/\/www.radiosanctispiritus.cu\/es\/wp-json\/wp\/v2\/coauthors?post=54710"}],"curies":[{"name":"wp","href":"https:\/\/api.w.org\/{rel}","templated":true}]}}