{"id":54675,"date":"2025-09-27T01:05:57","date_gmt":"2025-09-27T05:05:57","guid":{"rendered":"https:\/\/www.radiosanctispiritus.cu\/es\/?p=54675"},"modified":"2025-09-27T01:07:35","modified_gmt":"2025-09-27T05:07:35","slug":"mayor-organizacion-de-masas-de-cuba-reconoce-a-miembros-destacados","status":"publish","type":"post","link":"https:\/\/www.radiosanctispiritus.cu\/es\/mayor-organizacion-de-masas-de-cuba-reconoce-a-miembros-destacados\/","title":{"rendered":"Mayor organizaci\u00f3n de masas de Cuba reconoce a miembros destacados"},"content":{"rendered":"<p>Un total de 17 zonas cederistas con resultados relevantes recibieron este viernes la bandera \u201c28 de septiembre \u201d, el mayor est\u00edmulo que otorgan los Comit\u00e9s de Defensa de la Revoluci\u00f3n (CDR), en conmemoraci\u00f3n de su aniversario 65.<\/p>\n<p>Miguel D\u00edaz-Canel Berm\u00fadez, Primer Secretario del Comit\u00e9 Central del Partido Comunista de Cuba y Presidente de la Rep\u00fablica, entreg\u00f3 este reconocimiento a cada una de las estructuras de base que representan a todas las provincias.<\/p>\n<p>Por decreto presidencial resultaron galardonados con la medalla \u201cPor la Defensa de la Patria y la Unidad del Barrio\u201d 16 miembros que representan a 214 dirigentes que destacan en el cumplimiento de diversas tareas.<\/p>\n<p>El Secretariado Ejecutivo Nacional de los CDR otorg\u00f3 asimismo la distinci\u00f3n \u201c28 de septiembre\u201d a 18 compa\u00f1eros que forman parte de los 307 en todo el pa\u00eds que merecieron este homenaje por su trayectoria revolucionaria y ser referentes en los barrios.<\/p>\n<p>En declaraciones a la Agencia Cubana de Noticias, Sirelda Su\u00e1rez Milan\u00e9s, coordinadora de la zona 116 \u201cJuan Almeida Bosques\u201d del municipio cabecera de Guant\u00e1namo, se\u00f1al\u00f3 que para su territorio es un honor recibir la bandera de la organizaci\u00f3n por los m\u00e9ritos alcanzados, pero al mismo tiempo se impone el deber de hacer m\u00e1s por las comunidades.<\/p>\n<p>Su\u00e1rez Milan\u00e9s expres\u00f3 que una de las fortalezas de los CDR en su localidad es la presencia de los j\u00f3venes en las diferentes tareas, lo que evidencia que el futuro de los cederistas est\u00e1 garantizado.<\/p>\n<p>Dunielkis Delgado Cabrera, coordinador de la zona 115 \u201c Hugo Rafael Ch\u00e1vez Fr\u00edas\u201d, del municipio capitalino de La Lisa, manifest\u00f3 que a 65 a\u00f1os de creados los CDR, todav\u00eda prevalece el compromiso por el pa\u00eds y el deseo de seguir la lucha contra los diferentes ataques del enemigo.<\/p>\n<p>Participaron tambi\u00e9n en la ceremonia de condecoraci\u00f3n, Roberto Morales Ojeda, miembro del Bur\u00f3 Pol\u00edtico y secretario de Organizaci\u00f3n del Comit\u00e9 Central, Gerardo Hern\u00e1ndez Nordelo, H\u00e9roe de la Rep\u00fablica y coordinador nacional de los CDR, entre otros representantes de las estructuras pol\u00edticas y de masas.<\/p>\n<p>En 1960 el Comandante en Jefe Fidel Castro Ruz fund\u00f3 los CDR, frente al hoy Museo de la Revoluci\u00f3n con el objetivo de defender al pa\u00eds de las acciones imperialistas, y los defini\u00f3 como un pilar de la naci\u00f3n.<\/p>\n<p>Despu\u00e9s de varias jornadas de actividades, el acto central por la fecha se efectuar\u00e1 este domingo en la provincia de Ciego de \u00c1vila.<\/p>\n","protected":false},"excerpt":{"rendered":"<p>Un total de 17 zonas cederistas con resultados relevantes recibieron este viernes la bandera \u201c28 de septiembre \u201d, el mayor est\u00edmulo que otorgan los Comit\u00e9s de Defensa de la Revoluci\u00f3n (CDR), en conmemoraci\u00f3n de su aniversario 65. La ceremonia estuvo encabezada por el presidente Miguel D\u00edaz-Canel.<\/p>\n","protected":false},"author":123,"featured_media":54677,"comment_status":"open","ping_status":"open","sticky":false,"template":"","format":"standard","meta":{"_acf_changed":false,"footnotes":""},"categories":[8,3],"tags":[324,907,28],"coauthors":[1895],"class_list":["post-54675","post","type-post","status-publish","format-standard","has-post-thumbnail","hentry","category-noticia","category-cuba","tag-cdr","tag-comites-de-defensa-de-la-revolucion","tag-miguel-diaz-canel"],"acf":[],"_links":{"self":[{"href":"https:\/\/www.radiosanctispiritus.cu\/es\/wp-json\/wp\/v2\/posts\/54675","targetHints":{"allow":["GET"]}}],"collection":[{"href":"https:\/\/www.radiosanctispiritus.cu\/es\/wp-json\/wp\/v2\/posts"}],"about":[{"href":"https:\/\/www.radiosanctispiritus.cu\/es\/wp-json\/wp\/v2\/types\/post"}],"author":[{"embeddable":true,"href":"https:\/\/www.radiosanctispiritus.cu\/es\/wp-json\/wp\/v2\/users\/123"}],"replies":[{"embeddable":true,"href":"https:\/\/www.radiosanctispiritus.cu\/es\/wp-json\/wp\/v2\/comments?post=54675"}],"version-history":[{"count":1,"href":"https:\/\/www.radiosanctispiritus.cu\/es\/wp-json\/wp\/v2\/posts\/54675\/revisions"}],"predecessor-version":[{"id":54676,"href":"https:\/\/www.radiosanctispiritus.cu\/es\/wp-json\/wp\/v2\/posts\/54675\/revisions\/54676"}],"wp:featuredmedia":[{"embeddable":true,"href":"https:\/\/www.radiosanctispiritus.cu\/es\/wp-json\/wp\/v2\/media\/54677"}],"wp:attachment":[{"href":"https:\/\/www.radiosanctispiritus.cu\/es\/wp-json\/wp\/v2\/media?parent=54675"}],"wp:term":[{"taxonomy":"category","embeddable":true,"href":"https:\/\/www.radiosanctispiritus.cu\/es\/wp-json\/wp\/v2\/categories?post=54675"},{"taxonomy":"post_tag","embeddable":true,"href":"https:\/\/www.radiosanctispiritus.cu\/es\/wp-json\/wp\/v2\/tags?post=54675"},{"taxonomy":"author","embeddable":true,"href":"https:\/\/www.radiosanctispiritus.cu\/es\/wp-json\/wp\/v2\/coauthors?post=54675"}],"curies":[{"name":"wp","href":"https:\/\/api.w.org\/{rel}","templated":true}]}}