{"id":54626,"date":"2025-09-25T22:36:12","date_gmt":"2025-09-26T02:36:12","guid":{"rendered":"https:\/\/www.radiosanctispiritus.cu\/es\/?p=54626"},"modified":"2025-09-25T22:36:12","modified_gmt":"2025-09-26T02:36:12","slug":"jornada-de-limpieza-e-higienizacion-en-la-sierpe-por-aniversario-cederista","status":"publish","type":"post","link":"https:\/\/www.radiosanctispiritus.cu\/es\/jornada-de-limpieza-e-higienizacion-en-la-sierpe-por-aniversario-cederista\/","title":{"rendered":"Jornada de limpieza e higienizaci\u00f3n en La Sierpe por aniversario cederista"},"content":{"rendered":"<p>Al cumplea\u00f1os 65 de los Comit\u00e9s de Defensa de la Revoluci\u00f3n se dedic\u00f3 este jueves en La Sierpe la jornada especial de limpieza y embellecimiento en la comunidad cabecera del territorio.<\/p>\n<p>Representantes de los distintos sectores, ramas y organismos del municipio se convocaron machete y escoba en mano para ofrecer un impulso necesario a la higiene comunal.<\/p>\n<p>La dedicatoria en jornada productiva en La Sierpe para celebrar el sesenta y cinco aniversario de la creaci\u00f3n de los comit\u00e9s de defensa de la revoluci\u00f3n contempl\u00f3 la chapea de los laterales de la principal avenida de la localidad, el barrido de aceras y contenes, la recogida de escombros y la higienizaci\u00f3n en general del \u00e1rea.<\/p>\n<p><iframe src=\"https:\/\/www.ivoox.com\/player_ej_159333657_6_1.html?c1=7a0d0b\" width=\"100%\" height=\"200\" frameborder=\"0\" allowfullscreen=\"\" scrolling=\"no\" loading=\"lazy\"><\/iframe><\/p>\n","protected":false},"excerpt":{"rendered":"<p>Al cumplea\u00f1os 65 de los Comit\u00e9s de Defensa de la Revoluci\u00f3n se dedic\u00f3 este jueves en La Sierpe la jornada especial de limpieza y embellecimiento en la comunidad cabecera del territorio.<\/p>\n","protected":false},"author":136,"featured_media":36937,"comment_status":"open","ping_status":"open","sticky":false,"template":"","format":"standard","meta":{"_acf_changed":false,"footnotes":""},"categories":[9],"tags":[324,907,788],"coauthors":[1875],"class_list":["post-54626","post","type-post","status-publish","format-standard","has-post-thumbnail","hentry","category-en-audio","tag-cdr","tag-comites-de-defensa-de-la-revolucion","tag-la-sierpe"],"acf":[],"_links":{"self":[{"href":"https:\/\/www.radiosanctispiritus.cu\/es\/wp-json\/wp\/v2\/posts\/54626","targetHints":{"allow":["GET"]}}],"collection":[{"href":"https:\/\/www.radiosanctispiritus.cu\/es\/wp-json\/wp\/v2\/posts"}],"about":[{"href":"https:\/\/www.radiosanctispiritus.cu\/es\/wp-json\/wp\/v2\/types\/post"}],"author":[{"embeddable":true,"href":"https:\/\/www.radiosanctispiritus.cu\/es\/wp-json\/wp\/v2\/users\/136"}],"replies":[{"embeddable":true,"href":"https:\/\/www.radiosanctispiritus.cu\/es\/wp-json\/wp\/v2\/comments?post=54626"}],"version-history":[{"count":1,"href":"https:\/\/www.radiosanctispiritus.cu\/es\/wp-json\/wp\/v2\/posts\/54626\/revisions"}],"predecessor-version":[{"id":54630,"href":"https:\/\/www.radiosanctispiritus.cu\/es\/wp-json\/wp\/v2\/posts\/54626\/revisions\/54630"}],"wp:featuredmedia":[{"embeddable":true,"href":"https:\/\/www.radiosanctispiritus.cu\/es\/wp-json\/wp\/v2\/media\/36937"}],"wp:attachment":[{"href":"https:\/\/www.radiosanctispiritus.cu\/es\/wp-json\/wp\/v2\/media?parent=54626"}],"wp:term":[{"taxonomy":"category","embeddable":true,"href":"https:\/\/www.radiosanctispiritus.cu\/es\/wp-json\/wp\/v2\/categories?post=54626"},{"taxonomy":"post_tag","embeddable":true,"href":"https:\/\/www.radiosanctispiritus.cu\/es\/wp-json\/wp\/v2\/tags?post=54626"},{"taxonomy":"author","embeddable":true,"href":"https:\/\/www.radiosanctispiritus.cu\/es\/wp-json\/wp\/v2\/coauthors?post=54626"}],"curies":[{"name":"wp","href":"https:\/\/api.w.org\/{rel}","templated":true}]}}