{"id":54612,"date":"2025-09-26T04:06:21","date_gmt":"2025-09-26T08:06:21","guid":{"rendered":"https:\/\/www.radiosanctispiritus.cu\/es\/?p=54612"},"modified":"2025-09-26T06:28:12","modified_gmt":"2025-09-26T10:28:12","slug":"desarrollan-en-sancti-spiritus-clase-demostrativa-del-ejercito-central","status":"publish","type":"post","link":"https:\/\/www.radiosanctispiritus.cu\/es\/desarrollan-en-sancti-spiritus-clase-demostrativa-del-ejercito-central\/","title":{"rendered":"Desarrollan en Sancti Sp\u00edritus clase demostrativa del Ej\u00e9rcito Central (+ Fotos)"},"content":{"rendered":"<p>Sancti Sp\u00edritus fue escenario de una clase demostrativa para la puesta en completa disposici\u00f3n combativa y para la defensa, encabezada por el miembro del Comit\u00e9 Central del Partido y jefe del Ej\u00e9rcito Central, general de divisi\u00f3n Raul Villar Kessell.<\/p>\n<p>Durante la jornada se desarrollaron temas relacionados con la lucha armada y no armada, en tanto se evaluaron de forma te\u00f3rica y pr\u00e1ctica clases, vinculadas con la concepci\u00f3n de la guerra de todo el pueblo.<\/p>\n<p><img decoding=\"async\" src=\"https:\/\/www.radiosanctispiritus.cu\/es\/wp-content\/uploads\/clase-demostrativa-ejercito-central_1.jpeg\" alt=\"\" width=\"1040\" height=\"780\" class=\"aligncenter size-full wp-image-54616\" srcset=\"https:\/\/www.radiosanctispiritus.cu\/es\/wp-content\/uploads\/clase-demostrativa-ejercito-central_1.jpeg 1040w, https:\/\/www.radiosanctispiritus.cu\/es\/wp-content\/uploads\/clase-demostrativa-ejercito-central_1-600x450.jpeg 600w, https:\/\/www.radiosanctispiritus.cu\/es\/wp-content\/uploads\/clase-demostrativa-ejercito-central_1-1024x768.jpeg 1024w, https:\/\/www.radiosanctispiritus.cu\/es\/wp-content\/uploads\/clase-demostrativa-ejercito-central_1-768x576.jpeg 768w\" sizes=\"(max-width: 1040px) 100vw, 1040px\" \/><\/p>\n<p>Como parte de la preparaci\u00f3n, se trataron las misiones de los grupos de apoyo a la movilizaci\u00f3n y las acciones del puesto de direcci\u00f3n para la organizaci\u00f3n y ejecuci\u00f3n del aviso.<\/p>\n<p>Los participantes observaron en el terreno la preparaci\u00f3n y organizaci\u00f3n del puesto de mando y la movilizaci\u00f3n de personal, as\u00ed como un ejercicio de tiro.<\/p>\n<p><img decoding=\"async\" src=\"https:\/\/www.radiosanctispiritus.cu\/es\/wp-content\/uploads\/clase-demostrativa-ejercito-central_2.jpeg\" alt=\"\" width=\"1040\" height=\"780\" class=\"aligncenter size-full wp-image-54617\" srcset=\"https:\/\/www.radiosanctispiritus.cu\/es\/wp-content\/uploads\/clase-demostrativa-ejercito-central_2.jpeg 1040w, https:\/\/www.radiosanctispiritus.cu\/es\/wp-content\/uploads\/clase-demostrativa-ejercito-central_2-600x450.jpeg 600w, https:\/\/www.radiosanctispiritus.cu\/es\/wp-content\/uploads\/clase-demostrativa-ejercito-central_2-1024x768.jpeg 1024w, https:\/\/www.radiosanctispiritus.cu\/es\/wp-content\/uploads\/clase-demostrativa-ejercito-central_2-768x576.jpeg 768w\" sizes=\"(max-width: 1040px) 100vw, 1040px\" \/><\/p>\n<p>A la clase demostrativa asistieron presidentes de los Consejos de Defensa provinciales del territorio del Ej\u00e9rcito Central, adem\u00e1s de jefes y oficiales de ese mando y de sus Regiones Militares.<\/p>\n<p><img decoding=\"async\" src=\"https:\/\/www.radiosanctispiritus.cu\/es\/wp-content\/uploads\/clase-demostrativa-ejercito-central_3.jpeg\" alt=\"\" width=\"1040\" height=\"780\" class=\"aligncenter size-full wp-image-54619\" srcset=\"https:\/\/www.radiosanctispiritus.cu\/es\/wp-content\/uploads\/clase-demostrativa-ejercito-central_3.jpeg 1040w, https:\/\/www.radiosanctispiritus.cu\/es\/wp-content\/uploads\/clase-demostrativa-ejercito-central_3-600x450.jpeg 600w, https:\/\/www.radiosanctispiritus.cu\/es\/wp-content\/uploads\/clase-demostrativa-ejercito-central_3-1024x768.jpeg 1024w, https:\/\/www.radiosanctispiritus.cu\/es\/wp-content\/uploads\/clase-demostrativa-ejercito-central_3-768x576.jpeg 768w\" sizes=\"(max-width: 1040px) 100vw, 1040px\" \/><\/p>\n","protected":false},"excerpt":{"rendered":"<p>Sancti Sp\u00edritus fue escenario de una clase demostrativa para la puesta en completa disposici\u00f3n combativa y para la defensa, encabezada por el miembro del Comit\u00e9 Central del Partido y jefe del Ej\u00e9rcito Central, general de divisi\u00f3n Raul Villar Kessell.<\/p>\n","protected":false},"author":141,"featured_media":54620,"comment_status":"open","ping_status":"open","sticky":false,"template":"","format":"standard","meta":{"_acf_changed":false,"footnotes":""},"categories":[8,1],"tags":[1138],"coauthors":[1940],"class_list":["post-54612","post","type-post","status-publish","format-standard","has-post-thumbnail","hentry","category-noticia","category-sancti-spiritus","tag-ejercito-central"],"acf":[],"_links":{"self":[{"href":"https:\/\/www.radiosanctispiritus.cu\/es\/wp-json\/wp\/v2\/posts\/54612","targetHints":{"allow":["GET"]}}],"collection":[{"href":"https:\/\/www.radiosanctispiritus.cu\/es\/wp-json\/wp\/v2\/posts"}],"about":[{"href":"https:\/\/www.radiosanctispiritus.cu\/es\/wp-json\/wp\/v2\/types\/post"}],"author":[{"embeddable":true,"href":"https:\/\/www.radiosanctispiritus.cu\/es\/wp-json\/wp\/v2\/users\/141"}],"replies":[{"embeddable":true,"href":"https:\/\/www.radiosanctispiritus.cu\/es\/wp-json\/wp\/v2\/comments?post=54612"}],"version-history":[{"count":4,"href":"https:\/\/www.radiosanctispiritus.cu\/es\/wp-json\/wp\/v2\/posts\/54612\/revisions"}],"predecessor-version":[{"id":54622,"href":"https:\/\/www.radiosanctispiritus.cu\/es\/wp-json\/wp\/v2\/posts\/54612\/revisions\/54622"}],"wp:featuredmedia":[{"embeddable":true,"href":"https:\/\/www.radiosanctispiritus.cu\/es\/wp-json\/wp\/v2\/media\/54620"}],"wp:attachment":[{"href":"https:\/\/www.radiosanctispiritus.cu\/es\/wp-json\/wp\/v2\/media?parent=54612"}],"wp:term":[{"taxonomy":"category","embeddable":true,"href":"https:\/\/www.radiosanctispiritus.cu\/es\/wp-json\/wp\/v2\/categories?post=54612"},{"taxonomy":"post_tag","embeddable":true,"href":"https:\/\/www.radiosanctispiritus.cu\/es\/wp-json\/wp\/v2\/tags?post=54612"},{"taxonomy":"author","embeddable":true,"href":"https:\/\/www.radiosanctispiritus.cu\/es\/wp-json\/wp\/v2\/coauthors?post=54612"}],"curies":[{"name":"wp","href":"https:\/\/api.w.org\/{rel}","templated":true}]}}