{"id":54578,"date":"2025-09-25T13:43:08","date_gmt":"2025-09-25T17:43:08","guid":{"rendered":"https:\/\/www.radiosanctispiritus.cu\/es\/?p=54578"},"modified":"2025-09-25T13:43:08","modified_gmt":"2025-09-25T17:43:08","slug":"aboga-cuba-por-fortalecer-espacios-de-integracion-en-reunion-del-alba-tcp","status":"publish","type":"post","link":"https:\/\/www.radiosanctispiritus.cu\/es\/aboga-cuba-por-fortalecer-espacios-de-integracion-en-reunion-del-alba-tcp\/","title":{"rendered":"Aboga Cuba por fortalecer espacios de integraci\u00f3n en reuni\u00f3n del ALBA-TCP"},"content":{"rendered":"<p>El canciller de Cuba, Bruno Rodr\u00edguez, llam\u00f3 este jueves en Nueva York en el XXVI Consejo Pol\u00edtico del ALBA-TCP a hacer prevalecer y fortalecer los espacios de integraci\u00f3n y denuncia en el contexto adverso que vive la regi\u00f3n.<\/p>\n<p>En la reuni\u00f3n de este jueves, en el marco del 80 periodo de sesiones de la Asamblea General ONU, Rodr\u00edguez insisti\u00f3 en vigorizar la Alianza Bolivariana para los Pueblos de Nuestra Am\u00e9rica-Tratado de Comercio de los Pueblos (ALBA-TCP) y la Comunidad de Estados Latinoamericanos y Caribe\u00f1os.<\/p>\n<p>Denunci\u00f3, asimismo, el despliegue desproporcionado de Estados Unidos de unidades navales y a\u00e9reas militares en el sur del Caribe bajo el mando del Comando Sur, el cual present\u00f3 como acto disuasorio para \u201cenmascarar su real intenci\u00f3n intervencionista\u201d.<\/p>\n<p>El canciller caribe\u00f1o se\u00f1al\u00f3 que la envergadura de los efectivos, medios y t\u00e9cnica militar desplegados, con la inclusi\u00f3n de un submarino de propulsi\u00f3n nuclear, \u201ccontradice la idea que el gobierno de Estados Unidos pretende vender, de que su prop\u00f3sito es luchar contra el narcotr\u00e1fico y los flujos migratorios irregulares\u201d.<\/p>\n<p>Se refiri\u00f3 al informe Global de Drogas del actual a\u00f1o de la naci\u00f3n norte\u00f1a, el cual recoge que Estados Unidos \u201ces el mayor mercado de estupefacientes en las Am\u00e9ricas y posiblemente del mundo\u201d.<\/p>\n<p>De acuerdo con el documento, alberga las mayores redes de est\u00edmulo al consumo, distribuci\u00f3n, facilitaci\u00f3n del tr\u00e1fico, cobro, atesoramiento y lavado de las cuantiosas sumas generadas por este negocio il\u00edcito, apunt\u00f3.<\/p>\n<p>Declar\u00f3 que, en el propio territorio estadounidense, su Gobierno \u201cdebiera poner el foco de su atenci\u00f3n y canalizar sus grandes recursos para enfrentarlos\u201d.<\/p>\n<p>Rodr\u00edguez denunci\u00f3 la falsa narrativa construida por Washington contra autoridades leg\u00edtimas de la regi\u00f3n, en particular contra el presidente institucional de Venezuela, Nicol\u00e1s Maduro.<\/p>\n<p>Afirm\u00f3 que la aviesa intenci\u00f3n de asociar al gobierno venezolano con supuestas organizaciones criminales \u201ces la nueva construcci\u00f3n imperial para amparar actos injerencistas y violentos\u00b4\u201d.<\/p>\n<p>No es la primera vez que los gobernantes de Washington acuden a las mentiras para justificar el despojo, expres\u00f3 y aludi\u00f3, en ese sentido, a las numerosas intervenciones militares en la regi\u00f3n de Am\u00e9rica Latina y el Caribe, y el apoyo y amparo a criminales dictaduras.<\/p>\n<p>\u201cSu reciclada supuesta lucha contra el narcotr\u00e1fico representa un intento de actualizaci\u00f3n de los temas de dominaci\u00f3n anclados en la doctrina Monroe\u201d, puntualiz\u00f3.<\/p>\n<p>El canciller cubano remarc\u00f3 que la gravedad del momento exige incrementar la solidaridad mundial e inst\u00f3 a la comunidad internacional a movilizarse para detener una agresi\u00f3n contra Venezuela y Nuestra Am\u00e9rica.<\/p>\n<p>Asimismo, convoc\u00f3 a fortalecer la Alianza Bolivariana y a cerrar filas frente a quienes pretenden imponer sus agendas porque \u201cla soberan\u00eda e independencia se defienden y no se negocian\u201d.<\/p>\n<p>Por \u00faltimo, agradeci\u00f3 de manera profunda la solidaridad de los pa\u00edses del ALBA-TCP en el enfrentamiento al bloqueo estadounidense contra Cuba y su reclamo de exclusi\u00f3n de estar en la \u201clista infame de pa\u00edses patrocinadores del terrorismo\u201d.<\/p>\n","protected":false},"excerpt":{"rendered":"<p>El canciller de Cuba, Bruno Rodr\u00edguez, llam\u00f3 este jueves en Nueva York en el XXVI Consejo Pol\u00edtico del ALBA-TCP a hacer prevalecer y fortalecer los espacios de integraci\u00f3n y denuncia en el contexto adverso que vive la regi\u00f3n.<\/p>\n","protected":false},"author":22,"featured_media":54579,"comment_status":"open","ping_status":"open","sticky":false,"template":"","format":"standard","meta":{"_acf_changed":false,"footnotes":""},"categories":[8,3,4],"tags":[380,100,379,361],"coauthors":[1882],"class_list":["post-54578","post","type-post","status-publish","format-standard","has-post-thumbnail","hentry","category-noticia","category-cuba","category-internacionales","tag-alba-tcp","tag-bruno-rodriguez","tag-cuba-alba","tag-cuba-onu"],"acf":[],"_links":{"self":[{"href":"https:\/\/www.radiosanctispiritus.cu\/es\/wp-json\/wp\/v2\/posts\/54578","targetHints":{"allow":["GET"]}}],"collection":[{"href":"https:\/\/www.radiosanctispiritus.cu\/es\/wp-json\/wp\/v2\/posts"}],"about":[{"href":"https:\/\/www.radiosanctispiritus.cu\/es\/wp-json\/wp\/v2\/types\/post"}],"author":[{"embeddable":true,"href":"https:\/\/www.radiosanctispiritus.cu\/es\/wp-json\/wp\/v2\/users\/22"}],"replies":[{"embeddable":true,"href":"https:\/\/www.radiosanctispiritus.cu\/es\/wp-json\/wp\/v2\/comments?post=54578"}],"version-history":[{"count":1,"href":"https:\/\/www.radiosanctispiritus.cu\/es\/wp-json\/wp\/v2\/posts\/54578\/revisions"}],"predecessor-version":[{"id":54580,"href":"https:\/\/www.radiosanctispiritus.cu\/es\/wp-json\/wp\/v2\/posts\/54578\/revisions\/54580"}],"wp:featuredmedia":[{"embeddable":true,"href":"https:\/\/www.radiosanctispiritus.cu\/es\/wp-json\/wp\/v2\/media\/54579"}],"wp:attachment":[{"href":"https:\/\/www.radiosanctispiritus.cu\/es\/wp-json\/wp\/v2\/media?parent=54578"}],"wp:term":[{"taxonomy":"category","embeddable":true,"href":"https:\/\/www.radiosanctispiritus.cu\/es\/wp-json\/wp\/v2\/categories?post=54578"},{"taxonomy":"post_tag","embeddable":true,"href":"https:\/\/www.radiosanctispiritus.cu\/es\/wp-json\/wp\/v2\/tags?post=54578"},{"taxonomy":"author","embeddable":true,"href":"https:\/\/www.radiosanctispiritus.cu\/es\/wp-json\/wp\/v2\/coauthors?post=54578"}],"curies":[{"name":"wp","href":"https:\/\/api.w.org\/{rel}","templated":true}]}}