{"id":54527,"date":"2025-09-25T05:01:38","date_gmt":"2025-09-25T09:01:38","guid":{"rendered":"https:\/\/www.radiosanctispiritus.cu\/es\/?p=54527"},"modified":"2025-09-25T22:37:46","modified_gmt":"2025-09-26T02:37:46","slug":"evaluan-en-sancti-spiritus-comportamiento-de-las-actividades-del-verano-2025","status":"publish","type":"post","link":"https:\/\/www.radiosanctispiritus.cu\/es\/evaluan-en-sancti-spiritus-comportamiento-de-las-actividades-del-verano-2025\/","title":{"rendered":"Eval\u00faan en Sancti Sp\u00edritus comportamiento de las actividades del verano 2025"},"content":{"rendered":"<p>Como positivo y superior a etapas precedentes valor\u00f3 Deivy P\u00e9rez Mart\u00edn, miembro del Comit\u00e9 Central del Partido y su primera secretaria en la provincia de Sancti Sp\u00edritus, el cumplimiento de las actividades programadas por la Uni\u00f3n de J\u00f3venes Comunistas en el territorio para el verano 2025.<\/p>\n<p>Lo anterior trascendi\u00f3 al evaluar el tema en el Bur\u00f3 Provincial de la organizaci\u00f3n juvenil, an\u00e1lisis en el que se evidenci\u00f3 que se sumaron voluntades para entre todos impregnarle a la etapa estival creatividad y entusiasmo.<\/p>\n<p><iframe src=\"https:\/\/www.ivoox.com\/player_ej_159255212_6_1.html?c1=7a0d0b\" width=\"100%\" height=\"200\" frameborder=\"0\" scrolling=\"no\" allowfullscreen=\"allowfullscreen\"><\/iframe><\/p>\n","protected":false},"excerpt":{"rendered":"<p>Como positivo y superior a etapas precedentes valor\u00f3 Deivy P\u00e9rez Mart\u00edn, miembro del Comit\u00e9 Central del Partido y su primera secretaria en la provincia de Sancti Sp\u00edritus, el cumplimiento de las actividades programadas por la Uni\u00f3n de J\u00f3venes Comunistas en el territorio para el verano 2025.<\/p>\n","protected":false},"author":8,"featured_media":51037,"comment_status":"open","ping_status":"open","sticky":false,"template":"","format":"standard","meta":{"_acf_changed":false,"footnotes":""},"categories":[9,8,1],"tags":[44,235,979,33,1970],"coauthors":[1917],"class_list":["post-54527","post","type-post","status-publish","format-standard","has-post-thumbnail","hentry","category-en-audio","category-noticia","category-sancti-spiritus","tag-deivy-perez-martin","tag-ujc","tag-union-de-jovenes-comunistas","tag-verano","tag-verano-2025"],"acf":[],"_links":{"self":[{"href":"https:\/\/www.radiosanctispiritus.cu\/es\/wp-json\/wp\/v2\/posts\/54527","targetHints":{"allow":["GET"]}}],"collection":[{"href":"https:\/\/www.radiosanctispiritus.cu\/es\/wp-json\/wp\/v2\/posts"}],"about":[{"href":"https:\/\/www.radiosanctispiritus.cu\/es\/wp-json\/wp\/v2\/types\/post"}],"author":[{"embeddable":true,"href":"https:\/\/www.radiosanctispiritus.cu\/es\/wp-json\/wp\/v2\/users\/8"}],"replies":[{"embeddable":true,"href":"https:\/\/www.radiosanctispiritus.cu\/es\/wp-json\/wp\/v2\/comments?post=54527"}],"version-history":[{"count":5,"href":"https:\/\/www.radiosanctispiritus.cu\/es\/wp-json\/wp\/v2\/posts\/54527\/revisions"}],"predecessor-version":[{"id":54632,"href":"https:\/\/www.radiosanctispiritus.cu\/es\/wp-json\/wp\/v2\/posts\/54527\/revisions\/54632"}],"wp:featuredmedia":[{"embeddable":true,"href":"https:\/\/www.radiosanctispiritus.cu\/es\/wp-json\/wp\/v2\/media\/51037"}],"wp:attachment":[{"href":"https:\/\/www.radiosanctispiritus.cu\/es\/wp-json\/wp\/v2\/media?parent=54527"}],"wp:term":[{"taxonomy":"category","embeddable":true,"href":"https:\/\/www.radiosanctispiritus.cu\/es\/wp-json\/wp\/v2\/categories?post=54527"},{"taxonomy":"post_tag","embeddable":true,"href":"https:\/\/www.radiosanctispiritus.cu\/es\/wp-json\/wp\/v2\/tags?post=54527"},{"taxonomy":"author","embeddable":true,"href":"https:\/\/www.radiosanctispiritus.cu\/es\/wp-json\/wp\/v2\/coauthors?post=54527"}],"curies":[{"name":"wp","href":"https:\/\/api.w.org\/{rel}","templated":true}]}}