{"id":54441,"date":"2025-09-24T04:36:42","date_gmt":"2025-09-24T08:36:42","guid":{"rendered":"https:\/\/www.radiosanctispiritus.cu\/es\/?p=54441"},"modified":"2025-09-23T17:26:00","modified_gmt":"2025-09-23T21:26:00","slug":"recibe-hospital-de-trinidad-donativo-de-insumos-medicos","status":"publish","type":"post","link":"https:\/\/www.radiosanctispiritus.cu\/es\/recibe-hospital-de-trinidad-donativo-de-insumos-medicos\/","title":{"rendered":"Recibe Hospital de Trinidad donativo de insumos m\u00e9dicos"},"content":{"rendered":"<p>Un valioso donativo de insumos y equipos m\u00e9dicos fue recibido en el Hospital Tom\u00e1s Carrera Galiano, del municipio espirituano de Trinidad, gracias a la noble labor de la Asociaci\u00f3n de Cubanos Residentes en Toronto \u00abJuan Gualberto G\u00f3mez\u00bb, de Canad\u00e1.<\/p>\n<p>Tras el arribo del contenedor, se procedi\u00f3 a la recepci\u00f3n y clasificaci\u00f3n de los 900 bultos, en los que se trasladaron material gastable, pinzas, jeringuillas, camas, sillas de ruedas, as\u00ed como un equipo de autoclave.<\/p>\n<p>La preciada carga confirma los sentimientos de amor por Cuba de los miembros de esta organizaci\u00f3n, de conjunto con varios grupos de solidaridad que participan en la conformaci\u00f3n de estos env\u00edos a diferentes regiones del pa\u00eds.<\/p>\n<p><img decoding=\"async\" class=\" wp-image-54450 aligncenter\" src=\"https:\/\/www.radiosanctispiritus.cu\/es\/wp-content\/uploads\/donaciones-hospital-trinidad-1-600x367.jpg\" alt=\"\" width=\"597\" height=\"365\" srcset=\"https:\/\/www.radiosanctispiritus.cu\/es\/wp-content\/uploads\/donaciones-hospital-trinidad-1-600x367.jpg 600w, https:\/\/www.radiosanctispiritus.cu\/es\/wp-content\/uploads\/donaciones-hospital-trinidad-1-768x469.jpg 768w, https:\/\/www.radiosanctispiritus.cu\/es\/wp-content\/uploads\/donaciones-hospital-trinidad-1.jpg 900w\" sizes=\"(max-width: 597px) 100vw, 597px\" \/><\/p>\n<p>En nombre de los trabajadores y de las autoridades presentes, la doctora Yaquel\u00edn Alfaro, directora del centro, agradeci\u00f3 el gesto humanitario de estos cubanos que a miles de kil\u00f3metros de su Patria no olvidan sus ra\u00edces ni su amor por el pueblo.<\/p>\n<p><iframe src=\"https:\/\/www.ivoox.com\/player_ej_159180631_6_1.html?c1=7a0d0b\" width=\"100%\" height=\"200\" frameborder=\"0\" scrolling=\"no\" allowfullscreen=\"allowfullscreen\"><\/iframe><\/p>\n","protected":false},"excerpt":{"rendered":"<p>Un valioso donativo de insumos y equipos m\u00e9dicos fue recibido en el Hospital Tom\u00e1s Carrera Galiano, del municipio espirituano de Trinidad, gracias a la noble labor de la Asociaci\u00f3n de Cubanos Residentes en Toronto \u00abJuan Gualberto G\u00f3mez\u00bb, de Canad\u00e1.<\/p>\n","protected":false},"author":23,"featured_media":54449,"comment_status":"open","ping_status":"open","sticky":false,"template":"","format":"standard","meta":{"_acf_changed":false,"footnotes":""},"categories":[9,8,5,1],"tags":[1283,24,151,54],"coauthors":[1899],"class_list":["post-54441","post","type-post","status-publish","format-standard","has-post-thumbnail","hentry","category-en-audio","category-noticia","category-salud","category-sancti-spiritus","tag-hospital","tag-salud","tag-solidaridad","tag-trinidad-de-cuba"],"acf":[],"_links":{"self":[{"href":"https:\/\/www.radiosanctispiritus.cu\/es\/wp-json\/wp\/v2\/posts\/54441","targetHints":{"allow":["GET"]}}],"collection":[{"href":"https:\/\/www.radiosanctispiritus.cu\/es\/wp-json\/wp\/v2\/posts"}],"about":[{"href":"https:\/\/www.radiosanctispiritus.cu\/es\/wp-json\/wp\/v2\/types\/post"}],"author":[{"embeddable":true,"href":"https:\/\/www.radiosanctispiritus.cu\/es\/wp-json\/wp\/v2\/users\/23"}],"replies":[{"embeddable":true,"href":"https:\/\/www.radiosanctispiritus.cu\/es\/wp-json\/wp\/v2\/comments?post=54441"}],"version-history":[{"count":5,"href":"https:\/\/www.radiosanctispiritus.cu\/es\/wp-json\/wp\/v2\/posts\/54441\/revisions"}],"predecessor-version":[{"id":54468,"href":"https:\/\/www.radiosanctispiritus.cu\/es\/wp-json\/wp\/v2\/posts\/54441\/revisions\/54468"}],"wp:featuredmedia":[{"embeddable":true,"href":"https:\/\/www.radiosanctispiritus.cu\/es\/wp-json\/wp\/v2\/media\/54449"}],"wp:attachment":[{"href":"https:\/\/www.radiosanctispiritus.cu\/es\/wp-json\/wp\/v2\/media?parent=54441"}],"wp:term":[{"taxonomy":"category","embeddable":true,"href":"https:\/\/www.radiosanctispiritus.cu\/es\/wp-json\/wp\/v2\/categories?post=54441"},{"taxonomy":"post_tag","embeddable":true,"href":"https:\/\/www.radiosanctispiritus.cu\/es\/wp-json\/wp\/v2\/tags?post=54441"},{"taxonomy":"author","embeddable":true,"href":"https:\/\/www.radiosanctispiritus.cu\/es\/wp-json\/wp\/v2\/coauthors?post=54441"}],"curies":[{"name":"wp","href":"https:\/\/api.w.org\/{rel}","templated":true}]}}