{"id":54294,"date":"2025-09-20T15:37:16","date_gmt":"2025-09-20T19:37:16","guid":{"rendered":"https:\/\/www.radiosanctispiritus.cu\/es\/?p=54294"},"modified":"2025-09-20T15:36:41","modified_gmt":"2025-09-20T19:36:41","slug":"realizan-en-sancti-spiritus-dia-territorial-de-la-defensa","status":"publish","type":"post","link":"https:\/\/www.radiosanctispiritus.cu\/es\/realizan-en-sancti-spiritus-dia-territorial-de-la-defensa\/","title":{"rendered":"Realizan en Sancti Sp\u00edritus D\u00eda Territorial de la Defensa"},"content":{"rendered":"<p>El cuarto D\u00eda Territorial de la Defensa correspondiente al presente a\u00f1o de preparaci\u00f3n se desarroll\u00f3 en toda la provincia, con la participaci\u00f3n de las estructuras correspondientes a todos los niveles, para fortalecer la preparaci\u00f3n territorial para librar si fuera necesaria la Guerra de Todo el pueblo.<\/p>\n<p>Durante la jornada se realizaron ejercicios de defensa territorial en Zonas de varios municipios y entre los objetivos sobresalieron que los \u00f3rganos de direcci\u00f3n y mando ejecuten adecuadamente el cumplimiento de las misiones para dar r\u00e1pida respuesta a las medidas de la disposici\u00f3n combativa.<\/p>\n<blockquote><p><img decoding=\"async\" class=\"size-medium wp-image-54299 aligncenter\" src=\"https:\/\/www.radiosanctispiritus.cu\/es\/wp-content\/uploads\/IMG-20250920-WA0057-600x450.jpg\" alt=\"\" width=\"600\" height=\"450\" srcset=\"https:\/\/www.radiosanctispiritus.cu\/es\/wp-content\/uploads\/IMG-20250920-WA0057-600x450.jpg 600w, https:\/\/www.radiosanctispiritus.cu\/es\/wp-content\/uploads\/IMG-20250920-WA0057-1024x768.jpg 1024w, https:\/\/www.radiosanctispiritus.cu\/es\/wp-content\/uploads\/IMG-20250920-WA0057-768x576.jpg 768w, https:\/\/www.radiosanctispiritus.cu\/es\/wp-content\/uploads\/IMG-20250920-WA0057-1536x1152.jpg 1536w, https:\/\/www.radiosanctispiritus.cu\/es\/wp-content\/uploads\/IMG-20250920-WA0057.jpg 1600w\" sizes=\"(max-width: 600px) 100vw, 600px\" \/><\/p><\/blockquote>\n<p>Como parte del programa, Brigadas de Producci\u00f3n y Defensa realizaron pr\u00e1cticas de tiro, tareas para elevar la efectividad de la Defensa Civil, el orden interior, la actividad jur\u00eddica y el aseguramiento ingeniero.<\/p>\n<p>En el D\u00eda Territorial de la Defensa organismos, entidades, instituciones y la poblaci\u00f3n participaron en una jornada de higienizan como parte de las medidas higi\u00e9nico-sanitarias para evitar enfermedades y epidemias.<\/p>\n","protected":false},"excerpt":{"rendered":"<p>El cuarto D\u00eda Territorial de la Defensa correspondiente al presente a\u00f1o de preparaci\u00f3n se desarroll\u00f3 en toda la provincia, con la participaci\u00f3n de las estructuras correspondientes a todos los niveles, para fortalecer la preparaci\u00f3n territorial para librar si fuera necesaria la Guerra de Todo el pueblo.<\/p>\n","protected":false},"author":141,"featured_media":54297,"comment_status":"open","ping_status":"open","sticky":false,"template":"","format":"standard","meta":{"_acf_changed":false,"footnotes":""},"categories":[8,1],"tags":[1230,1229],"coauthors":[1940],"class_list":["post-54294","post","type-post","status-publish","format-standard","has-post-thumbnail","hentry","category-noticia","category-sancti-spiritus","tag-consejo-de-defensa","tag-dia-de-la-defensa"],"acf":[],"_links":{"self":[{"href":"https:\/\/www.radiosanctispiritus.cu\/es\/wp-json\/wp\/v2\/posts\/54294","targetHints":{"allow":["GET"]}}],"collection":[{"href":"https:\/\/www.radiosanctispiritus.cu\/es\/wp-json\/wp\/v2\/posts"}],"about":[{"href":"https:\/\/www.radiosanctispiritus.cu\/es\/wp-json\/wp\/v2\/types\/post"}],"author":[{"embeddable":true,"href":"https:\/\/www.radiosanctispiritus.cu\/es\/wp-json\/wp\/v2\/users\/141"}],"replies":[{"embeddable":true,"href":"https:\/\/www.radiosanctispiritus.cu\/es\/wp-json\/wp\/v2\/comments?post=54294"}],"version-history":[{"count":4,"href":"https:\/\/www.radiosanctispiritus.cu\/es\/wp-json\/wp\/v2\/posts\/54294\/revisions"}],"predecessor-version":[{"id":54300,"href":"https:\/\/www.radiosanctispiritus.cu\/es\/wp-json\/wp\/v2\/posts\/54294\/revisions\/54300"}],"wp:featuredmedia":[{"embeddable":true,"href":"https:\/\/www.radiosanctispiritus.cu\/es\/wp-json\/wp\/v2\/media\/54297"}],"wp:attachment":[{"href":"https:\/\/www.radiosanctispiritus.cu\/es\/wp-json\/wp\/v2\/media?parent=54294"}],"wp:term":[{"taxonomy":"category","embeddable":true,"href":"https:\/\/www.radiosanctispiritus.cu\/es\/wp-json\/wp\/v2\/categories?post=54294"},{"taxonomy":"post_tag","embeddable":true,"href":"https:\/\/www.radiosanctispiritus.cu\/es\/wp-json\/wp\/v2\/tags?post=54294"},{"taxonomy":"author","embeddable":true,"href":"https:\/\/www.radiosanctispiritus.cu\/es\/wp-json\/wp\/v2\/coauthors?post=54294"}],"curies":[{"name":"wp","href":"https:\/\/api.w.org\/{rel}","templated":true}]}}