{"id":54259,"date":"2025-09-19T21:24:06","date_gmt":"2025-09-20T01:24:06","guid":{"rendered":"https:\/\/www.radiosanctispiritus.cu\/es\/?p=54259"},"modified":"2025-09-19T21:31:49","modified_gmt":"2025-09-20T01:31:49","slug":"evalua-consejo-de-gobierno-en-sancti-spiritus-marcha-de-la-ejecucion-del-presupuesto","status":"publish","type":"post","link":"https:\/\/www.radiosanctispiritus.cu\/es\/evalua-consejo-de-gobierno-en-sancti-spiritus-marcha-de-la-ejecucion-del-presupuesto\/","title":{"rendered":"Eval\u00faa Consejo de Gobierno en Sancti Sp\u00edritus marcha de la ejecuci\u00f3n del presupuesto"},"content":{"rendered":"<p>La necesidad de aumentar los ingresos a trav\u00e9s del cumplimiento de las normas tributarias fue destacada durante el Consejo de Gobierno del gobierno provincial presidido por el gobernador Alexis Lorente Jim\u00e9nez.<\/p>\n<p>El m\u00e1ximo dirigente gubernamental espirituano insisti\u00f3 en el control de los municipios para lograr recaudaciones que permitan su propio desarrollo.<\/p>\n<p>Como continuaci\u00f3n del Programa de Transformaci\u00f3n de Comunidades, hasta la fecha se han invertido 49 millones de pesos, m\u00e1s de la mitad de lo planificado para el presente a\u00f1o.<\/p>\n<p>Lo ejecutado contribuy\u00f3 a solucionar a\u00f1ejos planteamientos de los electores y abarc\u00f3, entre otros, la reparaci\u00f3n y mantenimiento de unidades del comercio, de instalaciones educacionales y de la salud, as\u00ed como viales.<\/p>\n<p>Entre los temas abordados por el Consejo Provincial de Gobierno sobresalen los resultados de la atenci\u00f3n a la poblaci\u00f3n y el desarrollo del Programa de Atenci\u00f3n para el Adelanto de la Mujer.<\/p>\n<p><iframe src=\"https:\/\/www.ivoox.com\/player_ej_158571999_6_1.html?c1=7a0d0b\" width=\"100%\" height=\"200\" frameborder=\"0\" scrolling=\"no\" allowfullscreen=\"allowfullscreen\"><\/iframe><\/p>\n","protected":false},"excerpt":{"rendered":"<p>La necesidad de aumentar los ingresos a trav\u00e9s del cumplimiento de las normas tributarias fue destacada durante el Consejo de Gobierno del gobierno provincial presidido por el gobernador Alexis Lorente Jim\u00e9nez.<\/p>\n","protected":false},"author":141,"featured_media":29971,"comment_status":"open","ping_status":"open","sticky":false,"template":"","format":"standard","meta":{"_acf_changed":false,"footnotes":""},"categories":[16,9,8,1],"tags":[1053,787,574],"coauthors":[1940],"class_list":["post-54259","post","type-post","status-publish","format-standard","has-post-thumbnail","hentry","category-economia","category-en-audio","category-noticia","category-sancti-spiritus","tag-alexis-lorente","tag-consejo-de-gobierno","tag-presupuesto"],"acf":[],"_links":{"self":[{"href":"https:\/\/www.radiosanctispiritus.cu\/es\/wp-json\/wp\/v2\/posts\/54259","targetHints":{"allow":["GET"]}}],"collection":[{"href":"https:\/\/www.radiosanctispiritus.cu\/es\/wp-json\/wp\/v2\/posts"}],"about":[{"href":"https:\/\/www.radiosanctispiritus.cu\/es\/wp-json\/wp\/v2\/types\/post"}],"author":[{"embeddable":true,"href":"https:\/\/www.radiosanctispiritus.cu\/es\/wp-json\/wp\/v2\/users\/141"}],"replies":[{"embeddable":true,"href":"https:\/\/www.radiosanctispiritus.cu\/es\/wp-json\/wp\/v2\/comments?post=54259"}],"version-history":[{"count":4,"href":"https:\/\/www.radiosanctispiritus.cu\/es\/wp-json\/wp\/v2\/posts\/54259\/revisions"}],"predecessor-version":[{"id":54263,"href":"https:\/\/www.radiosanctispiritus.cu\/es\/wp-json\/wp\/v2\/posts\/54259\/revisions\/54263"}],"wp:featuredmedia":[{"embeddable":true,"href":"https:\/\/www.radiosanctispiritus.cu\/es\/wp-json\/wp\/v2\/media\/29971"}],"wp:attachment":[{"href":"https:\/\/www.radiosanctispiritus.cu\/es\/wp-json\/wp\/v2\/media?parent=54259"}],"wp:term":[{"taxonomy":"category","embeddable":true,"href":"https:\/\/www.radiosanctispiritus.cu\/es\/wp-json\/wp\/v2\/categories?post=54259"},{"taxonomy":"post_tag","embeddable":true,"href":"https:\/\/www.radiosanctispiritus.cu\/es\/wp-json\/wp\/v2\/tags?post=54259"},{"taxonomy":"author","embeddable":true,"href":"https:\/\/www.radiosanctispiritus.cu\/es\/wp-json\/wp\/v2\/coauthors?post=54259"}],"curies":[{"name":"wp","href":"https:\/\/api.w.org\/{rel}","templated":true}]}}