{"id":54254,"date":"2025-09-19T21:01:07","date_gmt":"2025-09-20T01:01:07","guid":{"rendered":"https:\/\/www.radiosanctispiritus.cu\/es\/?p=54254"},"modified":"2025-09-19T21:01:07","modified_gmt":"2025-09-20T01:01:07","slug":"silvio-rodriguez-desborda-escalinata-universitaria","status":"publish","type":"post","link":"https:\/\/www.radiosanctispiritus.cu\/es\/silvio-rodriguez-desborda-escalinata-universitaria\/","title":{"rendered":"Silvio Rodriguez desborda escalinata universitaria"},"content":{"rendered":"<p>La m\u00fasica de Silvio Rodr\u00edguez y sus artistas acompa\u00f1antes inundaron este viernes la escalinata de la Universidad de La Habana, desbordada por un p\u00fablico de todas las edades que durante hora y media no par\u00f3 de corear sus canciones.<\/p>\n<p>Con gritos de Silvio y los primeros acordes de su canci\u00f3n Ala de colibr\u00ed, arranc\u00f3 el trovador, quien interrumpi\u00f3 el tema para recordar ante su p\u00fablico un fragmento del art\u00edculo Maestros Ambulantes de Jos\u00e9 Mart\u00ed. \u00bb \u2026ser bueno es el \u00fanico modo de ser dichoso, ser culto es el \u00fanico modo de ser libre, pero ser pr\u00f3spero es el \u00fanico modo de ser bueno\u00bb, llovieron los aplausos y en lo adelante se hizo la magia.<\/p>\n<p>Desde las 16:00, hora local, comenz\u00f3 a llenarse cada espacio de la casi tricentenaria colina universitaria, que result\u00f3 peque\u00f1a para la cantidad de gente que lleg\u00f3 al lugar para escuchar al cantautor de 78 a\u00f1os, \u00eddolo de muchos cubanos y latinoamericanos.<\/p>\n<div id=\"attachment_54256\" style=\"width: 610px\" class=\"wp-caption aligncenter\"><img decoding=\"async\" aria-describedby=\"caption-attachment-54256\" class=\"size-medium wp-image-54256\" src=\"https:\/\/www.radiosanctispiritus.cu\/es\/wp-content\/uploads\/Silvio-DC-600x450.jpg\" alt=\"\" width=\"600\" height=\"450\" srcset=\"https:\/\/www.radiosanctispiritus.cu\/es\/wp-content\/uploads\/Silvio-DC-600x450.jpg 600w, https:\/\/www.radiosanctispiritus.cu\/es\/wp-content\/uploads\/Silvio-DC-768x576.jpg 768w, https:\/\/www.radiosanctispiritus.cu\/es\/wp-content\/uploads\/Silvio-DC.jpg 1024w\" sizes=\"(max-width: 600px) 100vw, 600px\" \/><p id=\"caption-attachment-54256\" class=\"wp-caption-text\">El presidente D\u00edaz-Canel asisti\u00f3 al concierto.<\/p><\/div>\n<p>Entre el p\u00fablico muchos j\u00f3venes, no faltaron tampoco personas con kufiyas y enarbolando banderas de Palestina, en defensa de su pueblo y como se\u00f1al de denuncia a la agresi\u00f3n y el genocidio israel\u00ed.<\/p>\n<p>En el concierto, Silvio estuvo acompa\u00f1ado por Jorge Arag\u00f3n (piano), Maykel Elizarde (tres), Niurka Gonz\u00e1lez (flautas y clarinete), Rachid L\u00f3pez (guitarra), Jorge Reyes (contrabajo), Malva Rodr\u00edguez (piano y coros), Oliver Vald\u00e9s (bater\u00eda y percusi\u00f3n) y Emilio Vega (vibr\u00e1fono y percusi\u00f3n).<\/p>\n<p>Este recital fue el inicio de la gira que lo llevar\u00e1 con sus m\u00fasicos a Chile (29 de septiembre, 1, 5 y 6 de octubre), Argentina (11, 12 y 21 de octubre), Uruguay (17 y 18 de octubre), Per\u00fa (25 de octubre) y Colombia (31 de octubre y 2 de noviembre).<\/p>\n","protected":false},"excerpt":{"rendered":"<p>La m\u00fasica de Silvio Rodr\u00edguez y sus artistas acompa\u00f1antes inundaron este viernes la escalinata de la Universidad de La Habana, desbordada por un p\u00fablico de todas las edades que durante hora y media no par\u00f3 de corear sus canciones.<\/p>\n","protected":false},"author":22,"featured_media":54255,"comment_status":"open","ping_status":"open","sticky":false,"template":"","format":"standard","meta":{"_acf_changed":false,"footnotes":""},"categories":[8,6],"tags":[28,952],"coauthors":[1882],"class_list":["post-54254","post","type-post","status-publish","format-standard","has-post-thumbnail","hentry","category-noticia","category-cultura","tag-miguel-diaz-canel","tag-silvio-rodriguez"],"acf":[],"_links":{"self":[{"href":"https:\/\/www.radiosanctispiritus.cu\/es\/wp-json\/wp\/v2\/posts\/54254","targetHints":{"allow":["GET"]}}],"collection":[{"href":"https:\/\/www.radiosanctispiritus.cu\/es\/wp-json\/wp\/v2\/posts"}],"about":[{"href":"https:\/\/www.radiosanctispiritus.cu\/es\/wp-json\/wp\/v2\/types\/post"}],"author":[{"embeddable":true,"href":"https:\/\/www.radiosanctispiritus.cu\/es\/wp-json\/wp\/v2\/users\/22"}],"replies":[{"embeddable":true,"href":"https:\/\/www.radiosanctispiritus.cu\/es\/wp-json\/wp\/v2\/comments?post=54254"}],"version-history":[{"count":2,"href":"https:\/\/www.radiosanctispiritus.cu\/es\/wp-json\/wp\/v2\/posts\/54254\/revisions"}],"predecessor-version":[{"id":54258,"href":"https:\/\/www.radiosanctispiritus.cu\/es\/wp-json\/wp\/v2\/posts\/54254\/revisions\/54258"}],"wp:featuredmedia":[{"embeddable":true,"href":"https:\/\/www.radiosanctispiritus.cu\/es\/wp-json\/wp\/v2\/media\/54255"}],"wp:attachment":[{"href":"https:\/\/www.radiosanctispiritus.cu\/es\/wp-json\/wp\/v2\/media?parent=54254"}],"wp:term":[{"taxonomy":"category","embeddable":true,"href":"https:\/\/www.radiosanctispiritus.cu\/es\/wp-json\/wp\/v2\/categories?post=54254"},{"taxonomy":"post_tag","embeddable":true,"href":"https:\/\/www.radiosanctispiritus.cu\/es\/wp-json\/wp\/v2\/tags?post=54254"},{"taxonomy":"author","embeddable":true,"href":"https:\/\/www.radiosanctispiritus.cu\/es\/wp-json\/wp\/v2\/coauthors?post=54254"}],"curies":[{"name":"wp","href":"https:\/\/api.w.org\/{rel}","templated":true}]}}