{"id":54211,"date":"2025-09-19T05:45:32","date_gmt":"2025-09-19T09:45:32","guid":{"rendered":"https:\/\/www.radiosanctispiritus.cu\/es\/?p=54211"},"modified":"2025-09-19T12:49:24","modified_gmt":"2025-09-19T16:49:24","slug":"cuba-por-trabajar-junto-al-sela-en-pos-de-integracion-regional","status":"publish","type":"post","link":"https:\/\/www.radiosanctispiritus.cu\/es\/cuba-por-trabajar-junto-al-sela-en-pos-de-integracion-regional\/","title":{"rendered":"Cuba por trabajar junto al SELA en pos de integraci\u00f3n regional"},"content":{"rendered":"<p>Miguel D\u00edaz-Canel, Primer Secretario del Comit\u00e9 Central del Partido Comunista de Cuba (PCC) y Presidente de la Rep\u00fablica, ratific\u00f3 el compromiso de su pa\u00eds de trabajar junto al Sistema Econ\u00f3mico Latinoamericano y del Caribe (SELA), en pos de la integraci\u00f3n regional.<\/p>\n<p>As\u00ed lo se\u00f1al\u00f3 el jefe de Estado cubano este jueves, al recibir en el Palacio de la Revoluci\u00f3n a Lesly David, reci\u00e9n elegido como secretario permanente de este organismo.<\/p>\n<p>\u00abFue un gran placer recibir al embajador Lesly David en ocasi\u00f3n de su primera visita como Secretario Permanente del SELA\u00bb, coment\u00f3 D\u00edaz-Canel en X sobre el encuentro.<\/p>\n<p>Seg\u00fan rese\u00f1a la Presidencia en su sitio web, el mandatario expres\u00f3 la voluntad de Cuba de continuar apoyando las estrategias propuestas por el SELA para la recuperaci\u00f3n econ\u00f3mica en Am\u00e9rica Latina y el Caribe y las actividades vinculadas a la Agenda 2030 para el Desarrollo Sostenible.<\/p>\n<p>El Presidente cubano resalt\u00f3 el aporte que puede dar el organismo de integraci\u00f3n para encontrar v\u00edas para enfrentar los retos y desaf\u00edos que tienen hoy los pa\u00edses de la regi\u00f3n.<\/p>\n<p>Por su parte, David, natural de Hait\u00ed y egresado en Cuba, reconoci\u00f3 a la Isla por su desempe\u00f1o activo en el organismo.<\/p>\n<p>\u00abEl SELA siempre ha contado con Cuba y as\u00ed lo seguir\u00e1 siendo\u00bb, enfatiz\u00f3 el directivo, quien destac\u00f3 el gran capital humano del que dispone la mayor de las Antillas.<\/p>\n","protected":false},"excerpt":{"rendered":"<p>Miguel D\u00edaz-Canel, Primer Secretario del Comit\u00e9 Central del Partido Comunista de Cuba y Presidente de la Rep\u00fablica, ratific\u00f3 el compromiso de su pa\u00eds de trabajar junto al Sistema Econ\u00f3mico Latinoamericano y del Caribe, en pos de la integraci\u00f3n regional.<\/p>\n","protected":false},"author":123,"featured_media":54212,"comment_status":"open","ping_status":"open","sticky":false,"template":"","format":"standard","meta":{"_acf_changed":false,"footnotes":""},"categories":[8,3,4],"tags":[2038,1008,1492,28],"coauthors":[1895],"class_list":["post-54211","post","type-post","status-publish","format-standard","has-post-thumbnail","hentry","category-noticia","category-cuba","category-internacionales","tag-cuba-sela","tag-integracion","tag-integracion-latinoamericana-y-caribena","tag-miguel-diaz-canel"],"acf":[],"_links":{"self":[{"href":"https:\/\/www.radiosanctispiritus.cu\/es\/wp-json\/wp\/v2\/posts\/54211","targetHints":{"allow":["GET"]}}],"collection":[{"href":"https:\/\/www.radiosanctispiritus.cu\/es\/wp-json\/wp\/v2\/posts"}],"about":[{"href":"https:\/\/www.radiosanctispiritus.cu\/es\/wp-json\/wp\/v2\/types\/post"}],"author":[{"embeddable":true,"href":"https:\/\/www.radiosanctispiritus.cu\/es\/wp-json\/wp\/v2\/users\/123"}],"replies":[{"embeddable":true,"href":"https:\/\/www.radiosanctispiritus.cu\/es\/wp-json\/wp\/v2\/comments?post=54211"}],"version-history":[{"count":2,"href":"https:\/\/www.radiosanctispiritus.cu\/es\/wp-json\/wp\/v2\/posts\/54211\/revisions"}],"predecessor-version":[{"id":54214,"href":"https:\/\/www.radiosanctispiritus.cu\/es\/wp-json\/wp\/v2\/posts\/54211\/revisions\/54214"}],"wp:featuredmedia":[{"embeddable":true,"href":"https:\/\/www.radiosanctispiritus.cu\/es\/wp-json\/wp\/v2\/media\/54212"}],"wp:attachment":[{"href":"https:\/\/www.radiosanctispiritus.cu\/es\/wp-json\/wp\/v2\/media?parent=54211"}],"wp:term":[{"taxonomy":"category","embeddable":true,"href":"https:\/\/www.radiosanctispiritus.cu\/es\/wp-json\/wp\/v2\/categories?post=54211"},{"taxonomy":"post_tag","embeddable":true,"href":"https:\/\/www.radiosanctispiritus.cu\/es\/wp-json\/wp\/v2\/tags?post=54211"},{"taxonomy":"author","embeddable":true,"href":"https:\/\/www.radiosanctispiritus.cu\/es\/wp-json\/wp\/v2\/coauthors?post=54211"}],"curies":[{"name":"wp","href":"https:\/\/api.w.org\/{rel}","templated":true}]}}