{"id":54198,"date":"2025-09-19T11:35:03","date_gmt":"2025-09-19T15:35:03","guid":{"rendered":"https:\/\/www.radiosanctispiritus.cu\/es\/?p=54198"},"modified":"2025-09-19T11:44:22","modified_gmt":"2025-09-19T15:44:22","slug":"mipyme-que-no-es-mipyme","status":"publish","type":"post","link":"https:\/\/www.radiosanctispiritus.cu\/es\/mipyme-que-no-es-mipyme\/","title":{"rendered":"Mipyme que no es mipyme"},"content":{"rendered":"<p>Nueve meses despu\u00e9s de intentar abrir su primer \u0093\u00bbmuelle\u00bb, la mipyme Puerto Seguro, de Trinidad, no ha podido abrirse a ning\u00fan \u0093barco\u0094 como el actor econ\u00f3mico que pretende ser.<\/p>\n<p>\u0093\u00bbHicimos la mipyme en enero, el Consejo de la Administraci\u00f3n del municipio le puso toda la importancia que llevaba, la aprob\u00f3 en el t\u00e9rmino establecido. Sin embargo, en el tema del registro mercantil estamos detenidos desde el mes de marzo\u00bb.<\/p>\n<p>Lo cuenta Humberto Magdaleno P\u00e9rez, socio principal de esta mipyme, la primera aprobada en Trinidad tras incluirse entre los municipios pilotos del pa\u00eds, como parte del proceso de descentralizaci\u00f3n de competencias administrativas.<\/p>\n<p>Y aunque el traspaso de la aprobaci\u00f3n de nuevos actores econ\u00f3micos desde el Ministerio de Econom\u00eda y Planificaci\u00f3n al municipio busca agilizar la creaci\u00f3n de los mismos, Puerto Seguro y otras entidades de su tipo del territorio sure\u00f1o han encontrado un mar encrespado que les impide cualquier atraco.<\/p>\n<p>\u0093Despu\u00e9s del acuerdo del Consejo de la Administraci\u00f3n se hizo el dep\u00f3sito en el banco, despu\u00e9s pasamos a lo que es la notar\u00eda, donde tambi\u00e9n se hizo el tr\u00e1mite en el tiempo correspondiente y de ah\u00ed al Registro Mercantil, en marzo. Pero desde ese mes hasta la fecha se paraliz\u00f3 el tr\u00e1mite totalmente porque, seg\u00fan nos han planteado, el servidor de Justicia ha tenido problemas y por esa situaci\u00f3n no se ha podido aprobar el Registro Mercantil de nuestra entidad\u00bb.<\/p>\n<p><strong>\u00bfC\u00f3mo afecta a la<\/strong><strong>s <\/strong><strong>micro, peque\u00f1as y medianas empresas<\/strong> <strong>y a la propia econom\u00eda<\/strong> <strong>esta dilaci\u00f3n en la puesta en marcha de estos actores, por problemas de visibilidad?<\/strong><\/p>\n<p>\u201cHay modificaciones que se han hecho un poco para viabilizar en el caso de la mipyme para la que quiera desistir, la que se quiera cancelar. Hay un grupo de tr\u00e1mites que no tienen que ni pasar por el Ministerio de Econom\u00eda y Planificaci\u00f3n y que los pueden hacer los mismos socios, pero ciertamente s\u00ed ha habido un atraso en este sentido, sobre todo porque el servidor de la Direcci\u00f3n Provincial de Justicia ha tenido dificultad y esto es algo que estamos tramitando desde la provincia con el organismo superior porque hay que dar respuesta\u00bb, explica Daisel Garc\u00eda Bello, directora de Desarrollo Territorial de la Administraci\u00f3n Provincial Sancti Sp\u00edritus.<\/p>\n<p>Expone, adem\u00e1s, que los actores tienen un plazo, la plataforma da un t\u00e9rmino a partir de que se aprueba la mipyme para ir haciendo los tr\u00e1mites, es decir, siete d\u00edas para inscribir, siete d\u00edas para lo dem\u00e1s. \u00abEntonces, cuando se va de \u00e9rmino, la plataforma enseguida te hace la alerta y no puedes avanzar\u0094, apunta.<\/p>\n<p>Tras siete meses de espera, \u00bfd\u00f3nde y c\u00f3mo se traba la acreditaci\u00f3n final de las nuevas mipymes en Sancti Sp\u00edritus?<\/p>\n<p>De acuerdo con Mariseli Quintero Rodr\u00edguez, directora provincial de Justicia, el servicio del Registro Mercantil no ha parado. \u00bfD\u00f3nde est\u00e1 ahora la deficiencia? \u00abEs que, ciertamente, en nuestra direcci\u00f3n, el servidor tuvo un colapso hace dos meses, debido a la situaci\u00f3n energ\u00e9tica, y ah\u00ed es donde nos paraliza el servicio de la plataforma, no el servicio del registro mercantil. Hemos trabajado en ello con los compa\u00f1eros de Xetid, que han venido en reiteradas ocasiones y dentro de unos d\u00edas vuelven a personarse ac\u00e1 para volver a levantarlo\u201d.<\/p>\n<p><strong>\u00bfA qu\u00e9 altura se avista la soluci\u00f3n para que las <\/strong><strong>mipy<\/strong><strong>mes en espera puedan visibilizarse y funcionar como tal?<\/strong><\/p>\n<p>\u201cYa conciliamos con la direcci\u00f3n general de Bufetes Colectivos y ellos nos cedieron una m\u00e1quina con un IP, un correo y una contrase\u00f1a que ya tambi\u00e9n lo comunicamos al Ministerio de Econom\u00eda y Planificaci\u00f3n para que por ah\u00ed ya nos den el permiso y comience a funcionar la plataforma de actores econ\u00f3micos de conjunto con el registro mercantil en el bufete colectivo\u201d.<\/p>\n<p>Mientras el barco de las soluciones espera por arribar, la mipyme trinitaria \u00a0Puerto Seguro, de las pocas cuyos servicios est\u00e1n asociados al sector agr\u00edcola, parece desdecir su propio nombre.<\/p>\n<div id=\"attachment_54202\" style=\"width: 590px\" class=\"wp-caption aligncenter\"><img decoding=\"async\" aria-describedby=\"caption-attachment-54202\" class=\"size-full wp-image-54202\" src=\"https:\/\/www.radiosanctispiritus.cu\/es\/wp-content\/uploads\/Mipyme-Humberto.jpg\" alt=\"\" width=\"580\" height=\"435\" \/><p id=\"caption-attachment-54202\" class=\"wp-caption-text\">Humberto Magdaleno P\u00e9rez, socio principal de esta mipyme.<\/p><\/div>\n<p>\u201cImag\u00ednese, que nosotros hicimos un plan teniendo en cuenta el tiempo que corre desde la aprobaci\u00f3n en los organismos anteriores, vimos, por ejemplo, trabajo en la agricultura, importaciones de algunos productos hacia Cuba, todo eso se paraliz\u00f3, hicimos contratos que se perdieron, porque no puedo hacer absolutamente nada, porque no estoy legalizado\u201d.<\/p>\n<p>Si, am\u00e9n de cuestiones que deben perfeccionar, las mipymes, de las que ya existen en la provincia de Sancti Sp\u00edritus 384 desde su aprobaci\u00f3n en el 2021, est\u00e1n consideradas motores del desarrollo territorial, resulta inaudito que en un pa\u00eds aliado de la tecnolog\u00eda y la informatizaci\u00f3n problemas de servidores y conectividad paren por meses y meses un asunto de legalizaci\u00f3n, sin que parezca remover lo suficiente al mism\u00edsimo municipio que las crea y a la provincia que las necesita.<\/p>\n<p>No habr\u00e1 puerto seguro en el proceso de descentralizaci\u00f3n de funciones si tantos barcos de soluciones dan vueltas en el mar sin llegar a un destino que desde la orilla parece f\u00e1cil para proteger la econom\u00eda.<\/p>\n<p><iframe src=\"https:\/\/www.ivoox.com\/player_ej_158360743_6_1.html?c1=7a0d0b\" width=\"100%\" height=\"200\" frameborder=\"0\" scrolling=\"no\" allowfullscreen=\"allowfullscreen\"><\/iframe><\/p>\n","protected":false},"excerpt":{"rendered":"<p>Nueve meses despu\u00e9s de intentar abrir su primer \u00abmuelle\u00bb, la mipyme Puerto Seguro, de Trinidad, no ha podido abrirse a ning\u00fan \u00abbarco\u00bb como el actor econ\u00f3mico que pretende ser.<\/p>\n","protected":false},"author":14,"featured_media":39209,"comment_status":"open","ping_status":"open","sticky":false,"template":"","format":"standard","meta":{"_acf_changed":false,"footnotes":""},"categories":[8,16,9,1],"tags":[1246,876,71,279,457,1653,54],"coauthors":[1915],"class_list":["post-54198","post","type-post","status-publish","format-standard","has-post-thumbnail","hentry","category-noticia","category-economia","category-en-audio","category-sancti-spiritus","tag-actores-economicos","tag-desarrollo-local","tag-economia","tag-justicia","tag-mipymes","tag-proyecto-de-desarrollo-local","tag-trinidad-de-cuba"],"acf":[],"_links":{"self":[{"href":"https:\/\/www.radiosanctispiritus.cu\/es\/wp-json\/wp\/v2\/posts\/54198","targetHints":{"allow":["GET"]}}],"collection":[{"href":"https:\/\/www.radiosanctispiritus.cu\/es\/wp-json\/wp\/v2\/posts"}],"about":[{"href":"https:\/\/www.radiosanctispiritus.cu\/es\/wp-json\/wp\/v2\/types\/post"}],"author":[{"embeddable":true,"href":"https:\/\/www.radiosanctispiritus.cu\/es\/wp-json\/wp\/v2\/users\/14"}],"replies":[{"embeddable":true,"href":"https:\/\/www.radiosanctispiritus.cu\/es\/wp-json\/wp\/v2\/comments?post=54198"}],"version-history":[{"count":4,"href":"https:\/\/www.radiosanctispiritus.cu\/es\/wp-json\/wp\/v2\/posts\/54198\/revisions"}],"predecessor-version":[{"id":54203,"href":"https:\/\/www.radiosanctispiritus.cu\/es\/wp-json\/wp\/v2\/posts\/54198\/revisions\/54203"}],"wp:featuredmedia":[{"embeddable":true,"href":"https:\/\/www.radiosanctispiritus.cu\/es\/wp-json\/wp\/v2\/media\/39209"}],"wp:attachment":[{"href":"https:\/\/www.radiosanctispiritus.cu\/es\/wp-json\/wp\/v2\/media?parent=54198"}],"wp:term":[{"taxonomy":"category","embeddable":true,"href":"https:\/\/www.radiosanctispiritus.cu\/es\/wp-json\/wp\/v2\/categories?post=54198"},{"taxonomy":"post_tag","embeddable":true,"href":"https:\/\/www.radiosanctispiritus.cu\/es\/wp-json\/wp\/v2\/tags?post=54198"},{"taxonomy":"author","embeddable":true,"href":"https:\/\/www.radiosanctispiritus.cu\/es\/wp-json\/wp\/v2\/coauthors?post=54198"}],"curies":[{"name":"wp","href":"https:\/\/api.w.org\/{rel}","templated":true}]}}