{"id":54171,"date":"2025-09-20T16:38:28","date_gmt":"2025-09-20T20:38:28","guid":{"rendered":"https:\/\/www.radiosanctispiritus.cu\/es\/?p=54171"},"modified":"2025-09-21T15:27:42","modified_gmt":"2025-09-21T19:27:42","slug":"trinidad-muestra-su-desnudez-sensual","status":"publish","type":"post","link":"https:\/\/www.radiosanctispiritus.cu\/es\/trinidad-muestra-su-desnudez-sensual\/","title":{"rendered":"Trinidad muestra su desnudez sensual"},"content":{"rendered":"<p>Trinidad sigue siendo de esas urbes que despiertan y enamoran al primer golpe de vista.<\/p>\n<p>Sus brisas no tienen similares, su luz, sus esquinas, sus tejados, su entramado arquitect\u00f3nico, su capacidad de atracci\u00f3n la hacen un sitio exclusivo.<\/p>\n<p>Y lo complementa su gente, con sus avatares cotidianos, con sus haceres.<\/p>\n<p>Sucede entre soles espl\u00e9ndidos, entre las calles empedradas, a la sombra de un portal\u00f3n, en sitios donde la artesan\u00eda se muestra espl\u00e9ndida.<\/p>\n<p>Es en fin, Trinidad, esa ciudad a\u00f1eja, con m\u00e1s de cinco siglos de andares, donde encontrar\u00e1s siempre detalles singulares y motivos, para volver una y otra vez.<\/p>\n","protected":false},"excerpt":{"rendered":"<p>La tercera villa fundada por los espa\u00f1oles en Cuba es esa ciudad a\u00f1eja, con m\u00e1s de cinco siglos de andares, donde encontrar\u00e1s siempre detalles singulares y motivos para volver una y otra vez.<\/p>\n","protected":false},"author":15,"featured_media":54189,"comment_status":"open","ping_status":"open","sticky":false,"template":"","format":"standard","meta":{"_acf_changed":false,"footnotes":""},"categories":[8,11,1,1170],"tags":[109,1486,1809,1624,54],"coauthors":[1884],"class_list":["post-54171","post","type-post","status-publish","format-standard","has-post-thumbnail","hentry","category-noticia","category-fotorreportaje","category-sancti-spiritus","category-turismo","tag-ciudad-artesanal-del-mundo","tag-ciudad-museo-del-mar-caribe","tag-ciudad-patrimonio-cultural-de-la-humanidad","tag-ciudades-patrimoniales","tag-trinidad-de-cuba"],"acf":[],"_links":{"self":[{"href":"https:\/\/www.radiosanctispiritus.cu\/es\/wp-json\/wp\/v2\/posts\/54171","targetHints":{"allow":["GET"]}}],"collection":[{"href":"https:\/\/www.radiosanctispiritus.cu\/es\/wp-json\/wp\/v2\/posts"}],"about":[{"href":"https:\/\/www.radiosanctispiritus.cu\/es\/wp-json\/wp\/v2\/types\/post"}],"author":[{"embeddable":true,"href":"https:\/\/www.radiosanctispiritus.cu\/es\/wp-json\/wp\/v2\/users\/15"}],"replies":[{"embeddable":true,"href":"https:\/\/www.radiosanctispiritus.cu\/es\/wp-json\/wp\/v2\/comments?post=54171"}],"version-history":[{"count":3,"href":"https:\/\/www.radiosanctispiritus.cu\/es\/wp-json\/wp\/v2\/posts\/54171\/revisions"}],"predecessor-version":[{"id":54174,"href":"https:\/\/www.radiosanctispiritus.cu\/es\/wp-json\/wp\/v2\/posts\/54171\/revisions\/54174"}],"wp:featuredmedia":[{"embeddable":true,"href":"https:\/\/www.radiosanctispiritus.cu\/es\/wp-json\/wp\/v2\/media\/54189"}],"wp:attachment":[{"href":"https:\/\/www.radiosanctispiritus.cu\/es\/wp-json\/wp\/v2\/media?parent=54171"}],"wp:term":[{"taxonomy":"category","embeddable":true,"href":"https:\/\/www.radiosanctispiritus.cu\/es\/wp-json\/wp\/v2\/categories?post=54171"},{"taxonomy":"post_tag","embeddable":true,"href":"https:\/\/www.radiosanctispiritus.cu\/es\/wp-json\/wp\/v2\/tags?post=54171"},{"taxonomy":"author","embeddable":true,"href":"https:\/\/www.radiosanctispiritus.cu\/es\/wp-json\/wp\/v2\/coauthors?post=54171"}],"curies":[{"name":"wp","href":"https:\/\/api.w.org\/{rel}","templated":true}]}}