{"id":54053,"date":"2025-09-16T21:35:14","date_gmt":"2025-09-17T01:35:14","guid":{"rendered":"https:\/\/www.radiosanctispiritus.cu\/es\/?p=54053"},"modified":"2025-09-16T21:42:53","modified_gmt":"2025-09-17T01:42:53","slug":"museo-de-la-sierpe-dedica-muestra-expositiva-al-aniversario-de-los-cdr","status":"publish","type":"post","link":"https:\/\/www.radiosanctispiritus.cu\/es\/museo-de-la-sierpe-dedica-muestra-expositiva-al-aniversario-de-los-cdr\/","title":{"rendered":"Museo de La Sierpe dedica muestra expositiva al aniversario de los CDR"},"content":{"rendered":"<p>A los Comit\u00e9s de Defensa de la Revoluci\u00f3n, cuyo aniversario 65 de fundado se celebra el pr\u00f3ximo 28, est\u00e1 dedicada la muestra expositiva del mes de septiembre en el Museo General Municipal de La Sierpe. Entre otros exponentes la integran el carn\u00e9 de varios de los fundadores de la organizaci\u00f3n de masas en el territorio sure\u00f1o, entonces conformado por los municipios de Mapos y El J\u00edbaro.<\/p>\n<p>La distinci\u00f3n 28 de septiembre de otros de sus miembros con relevante trayectoria, as\u00ed como otros documentos que atesora la instituci\u00f3n cultural. Los Comit\u00e9s de Defensa de la Revoluci\u00f3n nacieron del fuego mismo de la lucha revolucionaria el 28 de septiembre de 1960 como respuesta fulminante y combativa de las masas al terrorismo contra el revolucionario.<\/p>\n<p>Los CDR desempe\u00f1an un papel de fuerza de choque en la aguda lucha pol\u00edtico ideol\u00f3gica de nuestro pueblo contra sus enemigos y contra la corrupci\u00f3n y las ilegalidades. La muestra expositiva del mes de septiembre en el Museo General Municipal de La Sierpe, dedicada al 65 aniversario de la fundaci\u00f3n de los CDR, se complementa con plegables que profundizan en todo lo relacionado con la importante efem\u00e9rides indisolublemente ligada a la obra del eterno Comandante en Jefe Fidel Castro.<\/p>\n<p><iframe src=\"https:\/\/www.ivoox.com\/player_ej_158082496_6_1.html?c1=7a0d0b\" width=\"100%\" height=\"200\" frameborder=\"0\" allowfullscreen=\"\" scrolling=\"no\" loading=\"lazy\"><\/iframe><\/p>\n","protected":false},"excerpt":{"rendered":"<p>A los Comit\u00e9s de Defensa de la Revoluci\u00f3n, cuyo aniversario 65 de fundado se celebra el pr\u00f3ximo 28, est\u00e1 dedicada la muestra expositiva del mes de septiembre en el Museo General Municipal de La Sierpe.<\/p>\n","protected":false},"author":136,"featured_media":36937,"comment_status":"open","ping_status":"open","sticky":false,"template":"","format":"standard","meta":{"_acf_changed":false,"footnotes":""},"categories":[6,9],"tags":[324,907,788],"coauthors":[1875],"class_list":["post-54053","post","type-post","status-publish","format-standard","has-post-thumbnail","hentry","category-cultura","category-en-audio","tag-cdr","tag-comites-de-defensa-de-la-revolucion","tag-la-sierpe"],"acf":[],"_links":{"self":[{"href":"https:\/\/www.radiosanctispiritus.cu\/es\/wp-json\/wp\/v2\/posts\/54053","targetHints":{"allow":["GET"]}}],"collection":[{"href":"https:\/\/www.radiosanctispiritus.cu\/es\/wp-json\/wp\/v2\/posts"}],"about":[{"href":"https:\/\/www.radiosanctispiritus.cu\/es\/wp-json\/wp\/v2\/types\/post"}],"author":[{"embeddable":true,"href":"https:\/\/www.radiosanctispiritus.cu\/es\/wp-json\/wp\/v2\/users\/136"}],"replies":[{"embeddable":true,"href":"https:\/\/www.radiosanctispiritus.cu\/es\/wp-json\/wp\/v2\/comments?post=54053"}],"version-history":[{"count":4,"href":"https:\/\/www.radiosanctispiritus.cu\/es\/wp-json\/wp\/v2\/posts\/54053\/revisions"}],"predecessor-version":[{"id":54061,"href":"https:\/\/www.radiosanctispiritus.cu\/es\/wp-json\/wp\/v2\/posts\/54053\/revisions\/54061"}],"wp:featuredmedia":[{"embeddable":true,"href":"https:\/\/www.radiosanctispiritus.cu\/es\/wp-json\/wp\/v2\/media\/36937"}],"wp:attachment":[{"href":"https:\/\/www.radiosanctispiritus.cu\/es\/wp-json\/wp\/v2\/media?parent=54053"}],"wp:term":[{"taxonomy":"category","embeddable":true,"href":"https:\/\/www.radiosanctispiritus.cu\/es\/wp-json\/wp\/v2\/categories?post=54053"},{"taxonomy":"post_tag","embeddable":true,"href":"https:\/\/www.radiosanctispiritus.cu\/es\/wp-json\/wp\/v2\/tags?post=54053"},{"taxonomy":"author","embeddable":true,"href":"https:\/\/www.radiosanctispiritus.cu\/es\/wp-json\/wp\/v2\/coauthors?post=54053"}],"curies":[{"name":"wp","href":"https:\/\/api.w.org\/{rel}","templated":true}]}}