{"id":54009,"date":"2025-09-28T04:46:45","date_gmt":"2025-09-28T08:46:45","guid":{"rendered":"https:\/\/www.radiosanctispiritus.cu\/es\/?p=54009"},"modified":"2025-09-16T11:52:32","modified_gmt":"2025-09-16T15:52:32","slug":"en-cada-barrio-revolucion","status":"publish","type":"post","link":"https:\/\/www.radiosanctispiritus.cu\/es\/en-cada-barrio-revolucion\/","title":{"rendered":"En cada barrio, Revoluci\u00f3n"},"content":{"rendered":"<p>La historia de los Comit\u00e9s de Defensa de la Revoluci\u00f3n (CDR) es, en buena medida, la historia de la Revoluci\u00f3n cubana misma, de su capacidad para organizar a las mayor\u00edas y convertirlas en protagonistas de la defensa y construcci\u00f3n de la naci\u00f3n.<\/p>\n<p>Corr\u00eda el 28 de septiembre de 1960 cuando, desde el balc\u00f3n del antiguo Palacio Presidencial, Fidel Castro anunci\u00f3 la creaci\u00f3n de esta peculiar organizaci\u00f3n. Lo hizo mientras se escuchaban detonaciones de bombas colocadas por elementos contrarrevolucionarios en distintas zonas de La Habana. Ese contexto fue determinante: apenas un a\u00f1o despu\u00e9s del triunfo de enero de 1959, la Revoluci\u00f3n enfrentaba agresiones abiertas desde el exterior y sabotajes internos destinados a sembrar el miedo y la divisi\u00f3n.<\/p>\n<p>La respuesta fue inmediata y profundamente popular. \u201cVamos a establecer un sistema de vigilancia colectiva revolucionaria\u201d, dijo Fidel ante una multitud que lo aclamaba. En aquel instante nacieron los CDR, con el prop\u00f3sito inicial de garantizar la seguridad en cada cuadra, detectar actividades enemigas y evitar que los planes de desestabilizaci\u00f3n lograran su cometido.<\/p>\n<p>Con el tiempo, los CDR se convirtieron en la estructura de base m\u00e1s s\u00f3lida de la Revoluci\u00f3n, encargada de movilizar a las comunidades en campa\u00f1as de vacunaci\u00f3n, donaciones de sangre, jornadas de limpieza e iniciativas culturales y deportivas.<\/p>\n<p>Desde su surgimiento, los CDR jugaron un papel decisivo en el enfrentamiento a las epidemias y en la distribuci\u00f3n de alimentos y bienes b\u00e1sicos en tiempos de dificultad; tambi\u00e9n fueron claves en la formaci\u00f3n de valores de solidaridad, civismo y responsabilidad colectiva, al organizar tareas que involucraban a toda la familia y reforzaban la identidad del barrio como c\u00e9lula fundamental de la sociedad.<\/p>\n<p>M\u00e1s de seis d\u00e9cadas despu\u00e9s de su fundaci\u00f3n, siguen presentes en cada cuadra, con una membres\u00eda que abarca a millones de cubanos. Su permanencia ha estado marcada por la capacidad de adaptarse a los nuevos tiempos y a las cambiantes prioridades de la sociedad.<\/p>\n<p>Durante la etapa m\u00e1s dura de la pandemia de la COVID-19, los CDR desempe\u00f1aron un rol vital en la identificaci\u00f3n de personas vulnerables, la distribuci\u00f3n de alimentos y medicamentos, y el acompa\u00f1amiento a quienes deb\u00edan cumplir con el aislamiento.<\/p>\n<p><img decoding=\"async\" class=\"size-full wp-image-54013 aligncenter\" src=\"https:\/\/www.radiosanctispiritus.cu\/es\/wp-content\/uploads\/cdr-cuba-1.jpg\" alt=\"\" width=\"336\" height=\"340\" srcset=\"https:\/\/www.radiosanctispiritus.cu\/es\/wp-content\/uploads\/cdr-cuba-1.jpg 336w, https:\/\/www.radiosanctispiritus.cu\/es\/wp-content\/uploads\/cdr-cuba-1-80x80.jpg 80w\" sizes=\"(max-width: 336px) 100vw, 336px\" \/><\/p>\n<p>En la actualidad, sus tareas abarcan desde el apoyo a la salud p\u00fablica hasta la participaci\u00f3n en el ahorro energ\u00e9tico, la vigilancia para prevenir hechos delictivos y la organizaci\u00f3n de actividades culturales.<\/p>\n<p>Hoy, cuando el pa\u00eds enfrenta nuevos retos econ\u00f3micos y sociales, los CDR no son una reliquia del pasado, sino una obra viva, tejida d\u00eda a d\u00eda en cada barrio, en cada cuadra, en cada familia cubana. Son, como dijera Fidel, \u201cla guardia eterna de la Revoluci\u00f3n\u201d, y su permanencia hasta confirma que el esp\u00edritu colectivo, la solidaridad y la defensa de la patria siguen siendo valores esenciales del pueblo cubano.<\/p>\n<p><strong>Fuentes: Cubadebate, Cubahora, Escambray<\/strong><\/p>\n","protected":false},"excerpt":{"rendered":"<p>Surgidos en un momento crucial, los CDR han logrado mantenerse durante m\u00e1s de seis d\u00e9cadas como la mayor organizaci\u00f3n de masas del pa\u00eds, s\u00edmbolo de unidad, participaci\u00f3n popular y compromiso con los ideales revolucionarios.<\/p>\n","protected":false},"author":4,"featured_media":54012,"comment_status":"open","ping_status":"open","sticky":false,"template":"","format":"standard","meta":{"_acf_changed":false,"footnotes":""},"categories":[8,3],"tags":[324,907],"coauthors":[1883],"class_list":["post-54009","post","type-post","status-publish","format-standard","has-post-thumbnail","hentry","category-noticia","category-cuba","tag-cdr","tag-comites-de-defensa-de-la-revolucion"],"acf":[],"_links":{"self":[{"href":"https:\/\/www.radiosanctispiritus.cu\/es\/wp-json\/wp\/v2\/posts\/54009","targetHints":{"allow":["GET"]}}],"collection":[{"href":"https:\/\/www.radiosanctispiritus.cu\/es\/wp-json\/wp\/v2\/posts"}],"about":[{"href":"https:\/\/www.radiosanctispiritus.cu\/es\/wp-json\/wp\/v2\/types\/post"}],"author":[{"embeddable":true,"href":"https:\/\/www.radiosanctispiritus.cu\/es\/wp-json\/wp\/v2\/users\/4"}],"replies":[{"embeddable":true,"href":"https:\/\/www.radiosanctispiritus.cu\/es\/wp-json\/wp\/v2\/comments?post=54009"}],"version-history":[{"count":3,"href":"https:\/\/www.radiosanctispiritus.cu\/es\/wp-json\/wp\/v2\/posts\/54009\/revisions"}],"predecessor-version":[{"id":54014,"href":"https:\/\/www.radiosanctispiritus.cu\/es\/wp-json\/wp\/v2\/posts\/54009\/revisions\/54014"}],"wp:featuredmedia":[{"embeddable":true,"href":"https:\/\/www.radiosanctispiritus.cu\/es\/wp-json\/wp\/v2\/media\/54012"}],"wp:attachment":[{"href":"https:\/\/www.radiosanctispiritus.cu\/es\/wp-json\/wp\/v2\/media?parent=54009"}],"wp:term":[{"taxonomy":"category","embeddable":true,"href":"https:\/\/www.radiosanctispiritus.cu\/es\/wp-json\/wp\/v2\/categories?post=54009"},{"taxonomy":"post_tag","embeddable":true,"href":"https:\/\/www.radiosanctispiritus.cu\/es\/wp-json\/wp\/v2\/tags?post=54009"},{"taxonomy":"author","embeddable":true,"href":"https:\/\/www.radiosanctispiritus.cu\/es\/wp-json\/wp\/v2\/coauthors?post=54009"}],"curies":[{"name":"wp","href":"https:\/\/api.w.org\/{rel}","templated":true}]}}