{"id":53971,"date":"2025-09-15T21:14:32","date_gmt":"2025-09-16T01:14:32","guid":{"rendered":"https:\/\/www.radiosanctispiritus.cu\/es\/?p=53971"},"modified":"2025-09-15T21:14:32","modified_gmt":"2025-09-16T01:14:32","slug":"reincorporacion-al-empleo-prosigue-como-opcion-despues-de-la-jubilacion","status":"publish","type":"post","link":"https:\/\/www.radiosanctispiritus.cu\/es\/reincorporacion-al-empleo-prosigue-como-opcion-despues-de-la-jubilacion\/","title":{"rendered":"Reincorporaci\u00f3n al empleo prosigue como opci\u00f3n despu\u00e9s de la jubilaci\u00f3n"},"content":{"rendered":"<p>La contrataci\u00f3n laboral a personas jubiladas en la provincia de Sancti Sp\u00edritus es un procedimiento que a\u00fan causa dudas en directivos y administraciones del territorio.<\/p>\n<p>Orelvis Chaviano Candelario, jefe del Departamento de Empleo en la Direcci\u00f3n Provincial de Trabajo y Seguridad Social, record\u00f3 que los decretos-leyes 36 y 39, modificativos de la ley 105 y de su reglamento respectivamente, establecen la reincorporaci\u00f3n de los trabajadores jubilados a la misma plaza que ten\u00edan en el momento de jubilarse y la posibilidad de devengar el salario de la plaza y cobrar la pensi\u00f3n siempre que responda al inter\u00e9s de la entidad.<\/p>\n<p><iframe src=\"https:\/\/www.ivoox.com\/player_ej_157871767_6_1.html\" width=\"100%\" height=\"200\" frameborder=\"0\" allowfullscreen=\"\" scrolling=\"no\" loading=\"lazy\"><\/iframe><\/p>\n","protected":false},"excerpt":{"rendered":"<p>La contrataci\u00f3n laboral a personas jubiladas en la provincia de Sancti Sp\u00edritus es un procedimiento que a\u00fan causa dudas en directivos y administraciones del territorio.<\/p>\n","protected":false},"author":173,"featured_media":53981,"comment_status":"open","ping_status":"open","sticky":false,"template":"","format":"standard","meta":{"_acf_changed":false,"footnotes":""},"categories":[16,9,1],"tags":[1975,578],"coauthors":[1865],"class_list":["post-53971","post","type-post","status-publish","format-standard","has-post-thumbnail","hentry","category-economia","category-en-audio","category-sancti-spiritus","tag-jubilados","tag-trabajo"],"acf":[],"_links":{"self":[{"href":"https:\/\/www.radiosanctispiritus.cu\/es\/wp-json\/wp\/v2\/posts\/53971","targetHints":{"allow":["GET"]}}],"collection":[{"href":"https:\/\/www.radiosanctispiritus.cu\/es\/wp-json\/wp\/v2\/posts"}],"about":[{"href":"https:\/\/www.radiosanctispiritus.cu\/es\/wp-json\/wp\/v2\/types\/post"}],"author":[{"embeddable":true,"href":"https:\/\/www.radiosanctispiritus.cu\/es\/wp-json\/wp\/v2\/users\/173"}],"replies":[{"embeddable":true,"href":"https:\/\/www.radiosanctispiritus.cu\/es\/wp-json\/wp\/v2\/comments?post=53971"}],"version-history":[{"count":3,"href":"https:\/\/www.radiosanctispiritus.cu\/es\/wp-json\/wp\/v2\/posts\/53971\/revisions"}],"predecessor-version":[{"id":53979,"href":"https:\/\/www.radiosanctispiritus.cu\/es\/wp-json\/wp\/v2\/posts\/53971\/revisions\/53979"}],"wp:featuredmedia":[{"embeddable":true,"href":"https:\/\/www.radiosanctispiritus.cu\/es\/wp-json\/wp\/v2\/media\/53981"}],"wp:attachment":[{"href":"https:\/\/www.radiosanctispiritus.cu\/es\/wp-json\/wp\/v2\/media?parent=53971"}],"wp:term":[{"taxonomy":"category","embeddable":true,"href":"https:\/\/www.radiosanctispiritus.cu\/es\/wp-json\/wp\/v2\/categories?post=53971"},{"taxonomy":"post_tag","embeddable":true,"href":"https:\/\/www.radiosanctispiritus.cu\/es\/wp-json\/wp\/v2\/tags?post=53971"},{"taxonomy":"author","embeddable":true,"href":"https:\/\/www.radiosanctispiritus.cu\/es\/wp-json\/wp\/v2\/coauthors?post=53971"}],"curies":[{"name":"wp","href":"https:\/\/api.w.org\/{rel}","templated":true}]}}