{"id":53893,"date":"2025-09-15T04:04:48","date_gmt":"2025-09-15T08:04:48","guid":{"rendered":"https:\/\/www.radiosanctispiritus.cu\/es\/?p=53893"},"modified":"2025-09-14T13:19:24","modified_gmt":"2025-09-14T17:19:24","slug":"pleno-partidista-reconoce-labor-de-educadores-en-inicio-del-curso-en-taguasco","status":"publish","type":"post","link":"https:\/\/www.radiosanctispiritus.cu\/es\/pleno-partidista-reconoce-labor-de-educadores-en-inicio-del-curso-en-taguasco\/","title":{"rendered":"Pleno partidista reconoce labor de educadores en inicio del curso en Taguasco"},"content":{"rendered":"<p>El Pleno del Comit\u00e9 Municipal del Partido en Taguasco transmiti\u00f3 una felicitaci\u00f3n a todos los educadores del territorio por su protagonismo en el buen inicio del curso escolar, actividad que presidi\u00f3 la integrante del Bur\u00f3 Provincial de la organizaci\u00f3n, Elaine Plasencia.<\/p>\n<p>En el encuentro de la m\u00e1xima direcci\u00f3n pol\u00edtica del municipio, fueron evaluados los aspectos m\u00e1s importantes vinculados al nuevo periodo lectivo, en el que prevalece como dificultad principal el d\u00e9ficit de la fuerza docente cuando hasta este momento las aulas han sido cubiertas con alternativas, as\u00ed como la necesidad de mejorar integralmente las atenciones para obtener mejores resultados en el ingreso a la educaci\u00f3n superior.<\/p>\n<p>La primera secretaria del Partido en Taguasco, Januaria Sehara Hern\u00e1ndez, exigi\u00f3 fortalecer el accionar de los n\u00facleos y de los comit\u00e9s de base de la Uni\u00f3n de J\u00f3venes Comunistas, as\u00ed como promover el crecimiento para aumentar la militancia dentro del sector educacional.<\/p>\n<p>La dirigente pol\u00edtica tambi\u00e9n critic\u00f3 en el orden multifac\u00e9tico la d\u00e9bil demanda de fuerza de trabajo del municipio que ocasiona hoy la ausencia de cursos en todas las ramas agropecuarias, as\u00ed como la no continuidad de una nueva matr\u00edcula para el curso de trabajadores sociales, que en muchos casos puede realizarse y vincularse con el tema de la formaci\u00f3n vocacional.<\/p>\n<p><iframe src=\"https:\/\/www.ivoox.com\/player_ej_157777385_6_1.html?c1=7a0d0b\" width=\"100%\" height=\"200\" frameborder=\"0\" scrolling=\"no\" allowfullscreen=\"allowfullscreen\"><\/iframe><\/p>\n","protected":false},"excerpt":{"rendered":"<p>El Pleno del Comit\u00e9 Municipal del Partido en Taguasco transmiti\u00f3 una felicitaci\u00f3n a todos los educadores del territorio por su protagonismo en el buen inicio del curso escolar, actividad que presidi\u00f3 la integrante del Bur\u00f3 Provincial de la organizaci\u00f3n, Elaine Plasencia.<\/p>\n","protected":false},"author":17,"featured_media":53894,"comment_status":"open","ping_status":"open","sticky":false,"template":"","format":"standard","meta":{"_acf_changed":false,"footnotes":""},"categories":[8,14,9,1],"tags":[122,29,74,75,301],"coauthors":[1870],"class_list":["post-53893","post","type-post","status-publish","format-standard","has-post-thumbnail","hentry","category-noticia","category-educacion","category-en-audio","category-sancti-spiritus","tag-curso-escolar","tag-educacion","tag-partido-comunista-de-cuba","tag-pcc","tag-taguasco"],"acf":[],"_links":{"self":[{"href":"https:\/\/www.radiosanctispiritus.cu\/es\/wp-json\/wp\/v2\/posts\/53893","targetHints":{"allow":["GET"]}}],"collection":[{"href":"https:\/\/www.radiosanctispiritus.cu\/es\/wp-json\/wp\/v2\/posts"}],"about":[{"href":"https:\/\/www.radiosanctispiritus.cu\/es\/wp-json\/wp\/v2\/types\/post"}],"author":[{"embeddable":true,"href":"https:\/\/www.radiosanctispiritus.cu\/es\/wp-json\/wp\/v2\/users\/17"}],"replies":[{"embeddable":true,"href":"https:\/\/www.radiosanctispiritus.cu\/es\/wp-json\/wp\/v2\/comments?post=53893"}],"version-history":[{"count":3,"href":"https:\/\/www.radiosanctispiritus.cu\/es\/wp-json\/wp\/v2\/posts\/53893\/revisions"}],"predecessor-version":[{"id":53897,"href":"https:\/\/www.radiosanctispiritus.cu\/es\/wp-json\/wp\/v2\/posts\/53893\/revisions\/53897"}],"wp:featuredmedia":[{"embeddable":true,"href":"https:\/\/www.radiosanctispiritus.cu\/es\/wp-json\/wp\/v2\/media\/53894"}],"wp:attachment":[{"href":"https:\/\/www.radiosanctispiritus.cu\/es\/wp-json\/wp\/v2\/media?parent=53893"}],"wp:term":[{"taxonomy":"category","embeddable":true,"href":"https:\/\/www.radiosanctispiritus.cu\/es\/wp-json\/wp\/v2\/categories?post=53893"},{"taxonomy":"post_tag","embeddable":true,"href":"https:\/\/www.radiosanctispiritus.cu\/es\/wp-json\/wp\/v2\/tags?post=53893"},{"taxonomy":"author","embeddable":true,"href":"https:\/\/www.radiosanctispiritus.cu\/es\/wp-json\/wp\/v2\/coauthors?post=53893"}],"curies":[{"name":"wp","href":"https:\/\/api.w.org\/{rel}","templated":true}]}}