{"id":53849,"date":"2025-09-14T04:24:57","date_gmt":"2025-09-14T08:24:57","guid":{"rendered":"https:\/\/www.radiosanctispiritus.cu\/es\/?p=53849"},"modified":"2025-09-13T14:40:15","modified_gmt":"2025-09-13T18:40:15","slug":"cederistas-espirituanos-inmersos-en-programa-por-su-aniversario-65","status":"publish","type":"post","link":"https:\/\/www.radiosanctispiritus.cu\/es\/cederistas-espirituanos-inmersos-en-programa-por-su-aniversario-65\/","title":{"rendered":"Cederistas espirituanos inmersos en programa por su aniversario 65"},"content":{"rendered":"<p>Los Comit\u00e9s de Defensa de la Revoluci\u00f3n en la provincia de Sancti Sp\u00edritus desarrollan acciones para conmemorar el aniversario 65 de su fundaci\u00f3n el pr\u00f3ximo 28 de septiembre.<\/p>\n<p>De acuerdo con la Coordinadora de la estructura en predios espirituanos, Yurgenia Siriano Alonso, se ha dise\u00f1ado un amplio programa de actividades que fortalecen la vida comunitaria.<\/p>\n<p>\u00abLa provincia va a estar desarrollando a lo largo del mes muchas actividades de barrio donde sean los protagonistas, nuestros cederistas.\u00a0Cada una de esas actividades va a estar presente: el INDER, Cultura, proyectos comunitarios. Vamos a estar desarrollando planes en la calle, vamos a estar desarrollando donaciones voluntarias de sangre en todos los territorios.<\/p>\n<p>\u00abLos municipios tienen un amplio plan de actividades poni\u00e9ndole su sello caracter\u00edstico de cada territorio y todas estas actividades van a estar enalteciendo el homenaje que le estamos haciendo a nuestro Comandante en Jefe en su centenario\u00bb.<\/p>\n<p>Siriano Alonso explic\u00f3 que se han previsto adem\u00e1s varios encuentros con dirigentes de base y fundadores de la mayor organizaci\u00f3n de masas del pa\u00eds para resaltar experiencias y transmitirlas a las nuevas generaciones.<\/p>\n","protected":false},"excerpt":{"rendered":"<p>Los Comit\u00e9s de Defensa de la Revoluci\u00f3n en la provincia de Sancti Sp\u00edritus desarrollan acciones para conmemorar el aniversario 65 de su fundaci\u00f3n el pr\u00f3ximo 28 de septiembre.<\/p>\n","protected":false},"author":173,"featured_media":33907,"comment_status":"open","ping_status":"open","sticky":false,"template":"","format":"standard","meta":{"_acf_changed":false,"footnotes":""},"categories":[8,9,1],"tags":[324,907],"coauthors":[1865],"class_list":["post-53849","post","type-post","status-publish","format-standard","has-post-thumbnail","hentry","category-noticia","category-en-audio","category-sancti-spiritus","tag-cdr","tag-comites-de-defensa-de-la-revolucion"],"acf":[],"_links":{"self":[{"href":"https:\/\/www.radiosanctispiritus.cu\/es\/wp-json\/wp\/v2\/posts\/53849","targetHints":{"allow":["GET"]}}],"collection":[{"href":"https:\/\/www.radiosanctispiritus.cu\/es\/wp-json\/wp\/v2\/posts"}],"about":[{"href":"https:\/\/www.radiosanctispiritus.cu\/es\/wp-json\/wp\/v2\/types\/post"}],"author":[{"embeddable":true,"href":"https:\/\/www.radiosanctispiritus.cu\/es\/wp-json\/wp\/v2\/users\/173"}],"replies":[{"embeddable":true,"href":"https:\/\/www.radiosanctispiritus.cu\/es\/wp-json\/wp\/v2\/comments?post=53849"}],"version-history":[{"count":2,"href":"https:\/\/www.radiosanctispiritus.cu\/es\/wp-json\/wp\/v2\/posts\/53849\/revisions"}],"predecessor-version":[{"id":53852,"href":"https:\/\/www.radiosanctispiritus.cu\/es\/wp-json\/wp\/v2\/posts\/53849\/revisions\/53852"}],"wp:featuredmedia":[{"embeddable":true,"href":"https:\/\/www.radiosanctispiritus.cu\/es\/wp-json\/wp\/v2\/media\/33907"}],"wp:attachment":[{"href":"https:\/\/www.radiosanctispiritus.cu\/es\/wp-json\/wp\/v2\/media?parent=53849"}],"wp:term":[{"taxonomy":"category","embeddable":true,"href":"https:\/\/www.radiosanctispiritus.cu\/es\/wp-json\/wp\/v2\/categories?post=53849"},{"taxonomy":"post_tag","embeddable":true,"href":"https:\/\/www.radiosanctispiritus.cu\/es\/wp-json\/wp\/v2\/tags?post=53849"},{"taxonomy":"author","embeddable":true,"href":"https:\/\/www.radiosanctispiritus.cu\/es\/wp-json\/wp\/v2\/coauthors?post=53849"}],"curies":[{"name":"wp","href":"https:\/\/api.w.org\/{rel}","templated":true}]}}