{"id":53753,"date":"2025-09-12T20:12:01","date_gmt":"2025-09-13T00:12:01","guid":{"rendered":"https:\/\/www.radiosanctispiritus.cu\/es\/?p=53753"},"modified":"2025-09-12T20:56:53","modified_gmt":"2025-09-13T00:56:53","slug":"propuestas-de-yudit-vidal-faife-se-funden-en-bienal-en-barrarte-de-trinidad","status":"publish","type":"post","link":"https:\/\/www.radiosanctispiritus.cu\/es\/propuestas-de-yudit-vidal-faife-se-funden-en-bienal-en-barrarte-de-trinidad\/","title":{"rendered":"T\u00e9cnicas de Yudit Vidal Faife se funden en Bienal En-BarrArte de Trinidad (+ Fotos)"},"content":{"rendered":"<p>Las t\u00e9cnicas del hilo y la aguja que identifican y defienden las creaciones de la reconocida artista Yudit Vidal Faife, por vez primera se funden en la cer\u00e1mica art\u00edstica gracias a la asistencia de ella en la novena bienal En-BarrArte que sesiona en Santi Spiritus hasta este s\u00e1bado en la noche, es esta su primera vez en la cita donde confluyen en esta ocasi\u00f3n una veintena de creadores de distintas provincias y otros llegados desde fuera del pa\u00eds.<\/p>\n<p><img decoding=\"async\" src=\"https:\/\/www.radiosanctispiritus.cu\/es\/wp-content\/uploads\/yudit-vidal-faide-en_barrarte-5.jpeg\" alt=\"\" width=\"1302\" height=\"2312\" class=\"aligncenter size-full wp-image-53814\" srcset=\"https:\/\/www.radiosanctispiritus.cu\/es\/wp-content\/uploads\/yudit-vidal-faide-en_barrarte-5.jpeg 1302w, https:\/\/www.radiosanctispiritus.cu\/es\/wp-content\/uploads\/yudit-vidal-faide-en_barrarte-5-451x800.jpeg 451w, https:\/\/www.radiosanctispiritus.cu\/es\/wp-content\/uploads\/yudit-vidal-faide-en_barrarte-5-577x1024.jpeg 577w, https:\/\/www.radiosanctispiritus.cu\/es\/wp-content\/uploads\/yudit-vidal-faide-en_barrarte-5-768x1364.jpeg 768w, https:\/\/www.radiosanctispiritus.cu\/es\/wp-content\/uploads\/yudit-vidal-faide-en_barrarte-5-865x1536.jpeg 865w, https:\/\/www.radiosanctispiritus.cu\/es\/wp-content\/uploads\/yudit-vidal-faide-en_barrarte-5-1153x2048.jpeg 1153w\" sizes=\"(max-width: 1302px) 100vw, 1302px\" \/><\/p>\n<p>\u00abHe tratado de que cada pieza que he realizado tenga una t\u00e9cnica diferente, experimentar en varias t\u00e9cnicas a la vez y aprovechar el tiempo, pero he experimentado en las t\u00e9cnicas, las texturas tanto del bajorrelieve como otros tipos de texturas, incorporando las t\u00e9cnicas y las texturas del hilo, la tela, los tejidos y ha sido incre\u00edble experimentar c\u00f3mo esa huella que deja la tela y el crochet al aplicar con la pistola de los esmaltes, con la pistola de aire, aplicar el esmalte sobre ese crochet deja esa huella en esa pieza cer\u00e1mica y eso tambi\u00e9n formar\u00e1 parte de una obra del maestro Villafa\u00f1a, pues ha sido este aporte novedoso a este En-BarrArte que pienso que estoy muy feliz de haberlo hecho, estoy involucrando a artistas que me han seguido y que han realizado sus piezas con los elementos y con los patrones y de tejidos que he tra\u00eddo.\u00bb, coment\u00f3 Vidal Faife.<\/p>\n<p><iframe src=\"https:\/\/www.ivoox.com\/player_ej_157729609_6_1.html?c1=7a0d0b\" width=\"100%\" height=\"200\" frameborder=\"0\" allowfullscreen=\"\" scrolling=\"no\" loading=\"lazy\"><\/iframe><\/p>\n<p><img decoding=\"async\" src=\"https:\/\/www.radiosanctispiritus.cu\/es\/wp-content\/uploads\/yudit-vidal-faide-en_barrarte-1.jpeg\" alt=\"\" width=\"1302\" height=\"2312\" class=\"aligncenter size-full wp-image-53812\" srcset=\"https:\/\/www.radiosanctispiritus.cu\/es\/wp-content\/uploads\/yudit-vidal-faide-en_barrarte-1.jpeg 1302w, https:\/\/www.radiosanctispiritus.cu\/es\/wp-content\/uploads\/yudit-vidal-faide-en_barrarte-1-451x800.jpeg 451w, https:\/\/www.radiosanctispiritus.cu\/es\/wp-content\/uploads\/yudit-vidal-faide-en_barrarte-1-577x1024.jpeg 577w, https:\/\/www.radiosanctispiritus.cu\/es\/wp-content\/uploads\/yudit-vidal-faide-en_barrarte-1-768x1364.jpeg 768w, https:\/\/www.radiosanctispiritus.cu\/es\/wp-content\/uploads\/yudit-vidal-faide-en_barrarte-1-865x1536.jpeg 865w, https:\/\/www.radiosanctispiritus.cu\/es\/wp-content\/uploads\/yudit-vidal-faide-en_barrarte-1-1153x2048.jpeg 1153w\" sizes=\"(max-width: 1302px) 100vw, 1302px\" \/><\/p>\n<p><img decoding=\"async\" src=\"https:\/\/www.radiosanctispiritus.cu\/es\/wp-content\/uploads\/yudit-vidal-faide-en_barrarte-4.jpeg\" alt=\"\" width=\"1302\" height=\"2312\" class=\"aligncenter size-full wp-image-53813\" srcset=\"https:\/\/www.radiosanctispiritus.cu\/es\/wp-content\/uploads\/yudit-vidal-faide-en_barrarte-4.jpeg 1302w, https:\/\/www.radiosanctispiritus.cu\/es\/wp-content\/uploads\/yudit-vidal-faide-en_barrarte-4-451x800.jpeg 451w, https:\/\/www.radiosanctispiritus.cu\/es\/wp-content\/uploads\/yudit-vidal-faide-en_barrarte-4-577x1024.jpeg 577w, https:\/\/www.radiosanctispiritus.cu\/es\/wp-content\/uploads\/yudit-vidal-faide-en_barrarte-4-768x1364.jpeg 768w, https:\/\/www.radiosanctispiritus.cu\/es\/wp-content\/uploads\/yudit-vidal-faide-en_barrarte-4-865x1536.jpeg 865w, https:\/\/www.radiosanctispiritus.cu\/es\/wp-content\/uploads\/yudit-vidal-faide-en_barrarte-4-1153x2048.jpeg 1153w\" sizes=\"(max-width: 1302px) 100vw, 1302px\" \/><\/p>\n<p><img decoding=\"async\" src=\"https:\/\/www.radiosanctispiritus.cu\/es\/wp-content\/uploads\/yudit-vidal-faide-en_barrarte-6.jpeg\" alt=\"\" width=\"1302\" height=\"2312\" class=\"aligncenter size-full wp-image-53818\" srcset=\"https:\/\/www.radiosanctispiritus.cu\/es\/wp-content\/uploads\/yudit-vidal-faide-en_barrarte-6.jpeg 1302w, https:\/\/www.radiosanctispiritus.cu\/es\/wp-content\/uploads\/yudit-vidal-faide-en_barrarte-6-451x800.jpeg 451w, https:\/\/www.radiosanctispiritus.cu\/es\/wp-content\/uploads\/yudit-vidal-faide-en_barrarte-6-577x1024.jpeg 577w, https:\/\/www.radiosanctispiritus.cu\/es\/wp-content\/uploads\/yudit-vidal-faide-en_barrarte-6-768x1364.jpeg 768w, https:\/\/www.radiosanctispiritus.cu\/es\/wp-content\/uploads\/yudit-vidal-faide-en_barrarte-6-865x1536.jpeg 865w, https:\/\/www.radiosanctispiritus.cu\/es\/wp-content\/uploads\/yudit-vidal-faide-en_barrarte-6-1153x2048.jpeg 1153w\" sizes=\"(max-width: 1302px) 100vw, 1302px\" \/><\/p>\n<p><img decoding=\"async\" src=\"https:\/\/www.radiosanctispiritus.cu\/es\/wp-content\/uploads\/yudit-vidal-faide-en_barrarte-9.jpeg\" alt=\"\" width=\"1302\" height=\"2312\" class=\"aligncenter size-full wp-image-53819\" srcset=\"https:\/\/www.radiosanctispiritus.cu\/es\/wp-content\/uploads\/yudit-vidal-faide-en_barrarte-9.jpeg 1302w, https:\/\/www.radiosanctispiritus.cu\/es\/wp-content\/uploads\/yudit-vidal-faide-en_barrarte-9-451x800.jpeg 451w, https:\/\/www.radiosanctispiritus.cu\/es\/wp-content\/uploads\/yudit-vidal-faide-en_barrarte-9-577x1024.jpeg 577w, https:\/\/www.radiosanctispiritus.cu\/es\/wp-content\/uploads\/yudit-vidal-faide-en_barrarte-9-768x1364.jpeg 768w, https:\/\/www.radiosanctispiritus.cu\/es\/wp-content\/uploads\/yudit-vidal-faide-en_barrarte-9-865x1536.jpeg 865w, https:\/\/www.radiosanctispiritus.cu\/es\/wp-content\/uploads\/yudit-vidal-faide-en_barrarte-9-1153x2048.jpeg 1153w\" sizes=\"(max-width: 1302px) 100vw, 1302px\" \/><\/p>\n<p><img decoding=\"async\" src=\"https:\/\/www.radiosanctispiritus.cu\/es\/wp-content\/uploads\/yudit-vidal-faide-en_barrarte-2.jpeg\" alt=\"\" width=\"1302\" height=\"2312\" class=\"aligncenter size-full wp-image-53820\" srcset=\"https:\/\/www.radiosanctispiritus.cu\/es\/wp-content\/uploads\/yudit-vidal-faide-en_barrarte-2.jpeg 1302w, https:\/\/www.radiosanctispiritus.cu\/es\/wp-content\/uploads\/yudit-vidal-faide-en_barrarte-2-451x800.jpeg 451w, https:\/\/www.radiosanctispiritus.cu\/es\/wp-content\/uploads\/yudit-vidal-faide-en_barrarte-2-577x1024.jpeg 577w, https:\/\/www.radiosanctispiritus.cu\/es\/wp-content\/uploads\/yudit-vidal-faide-en_barrarte-2-768x1364.jpeg 768w, https:\/\/www.radiosanctispiritus.cu\/es\/wp-content\/uploads\/yudit-vidal-faide-en_barrarte-2-865x1536.jpeg 865w, https:\/\/www.radiosanctispiritus.cu\/es\/wp-content\/uploads\/yudit-vidal-faide-en_barrarte-2-1153x2048.jpeg 1153w\" sizes=\"(max-width: 1302px) 100vw, 1302px\" \/><\/p>\n","protected":false},"excerpt":{"rendered":"<p>T\u00e9cnicas del hilo y la aguja de Trinidad suben al horno de la cer\u00e1mica art\u00edstica gracias a la maestr\u00eda de la artista Yudit Vidal Faife<\/p>\n","protected":false},"author":12,"featured_media":53811,"comment_status":"open","ping_status":"open","sticky":false,"template":"","format":"standard","meta":{"_acf_changed":false,"footnotes":""},"categories":[3,9,1],"tags":[40,1659],"coauthors":[1864],"class_list":["post-53753","post","type-post","status-publish","format-standard","has-post-thumbnail","hentry","category-cuba","category-en-audio","category-sancti-spiritus","tag-trinidad","tag-yudit-vidal-faife"],"acf":[],"_links":{"self":[{"href":"https:\/\/www.radiosanctispiritus.cu\/es\/wp-json\/wp\/v2\/posts\/53753","targetHints":{"allow":["GET"]}}],"collection":[{"href":"https:\/\/www.radiosanctispiritus.cu\/es\/wp-json\/wp\/v2\/posts"}],"about":[{"href":"https:\/\/www.radiosanctispiritus.cu\/es\/wp-json\/wp\/v2\/types\/post"}],"author":[{"embeddable":true,"href":"https:\/\/www.radiosanctispiritus.cu\/es\/wp-json\/wp\/v2\/users\/12"}],"replies":[{"embeddable":true,"href":"https:\/\/www.radiosanctispiritus.cu\/es\/wp-json\/wp\/v2\/comments?post=53753"}],"version-history":[{"count":5,"href":"https:\/\/www.radiosanctispiritus.cu\/es\/wp-json\/wp\/v2\/posts\/53753\/revisions"}],"predecessor-version":[{"id":53821,"href":"https:\/\/www.radiosanctispiritus.cu\/es\/wp-json\/wp\/v2\/posts\/53753\/revisions\/53821"}],"wp:featuredmedia":[{"embeddable":true,"href":"https:\/\/www.radiosanctispiritus.cu\/es\/wp-json\/wp\/v2\/media\/53811"}],"wp:attachment":[{"href":"https:\/\/www.radiosanctispiritus.cu\/es\/wp-json\/wp\/v2\/media?parent=53753"}],"wp:term":[{"taxonomy":"category","embeddable":true,"href":"https:\/\/www.radiosanctispiritus.cu\/es\/wp-json\/wp\/v2\/categories?post=53753"},{"taxonomy":"post_tag","embeddable":true,"href":"https:\/\/www.radiosanctispiritus.cu\/es\/wp-json\/wp\/v2\/tags?post=53753"},{"taxonomy":"author","embeddable":true,"href":"https:\/\/www.radiosanctispiritus.cu\/es\/wp-json\/wp\/v2\/coauthors?post=53753"}],"curies":[{"name":"wp","href":"https:\/\/api.w.org\/{rel}","templated":true}]}}