{"id":53538,"date":"2025-09-09T05:20:42","date_gmt":"2025-09-09T09:20:42","guid":{"rendered":"https:\/\/www.radiosanctispiritus.cu\/es\/?p=53538"},"modified":"2025-09-09T09:14:32","modified_gmt":"2025-09-09T13:14:32","slug":"sancti-spiritus-vive-la-fiesta-de-la-ceramica-artistica","status":"publish","type":"post","link":"https:\/\/www.radiosanctispiritus.cu\/es\/sancti-spiritus-vive-la-fiesta-de-la-ceramica-artistica\/","title":{"rendered":"Sancti Sp\u00edritus vive la fiesta de la cer\u00e1mica art\u00edstica"},"content":{"rendered":"<p>La novena edici\u00f3n de la Bienal En_BarrArte, dedicada a la cer\u00e1mica art\u00edstica contempor\u00e1nea, con sede principal en el taller Volumen y Espacio, del escultor y ceramista espirituano F\u00e9lix Madrigal, promotor del evento, abri\u00f3 sus puertas en esta jornada.<\/p>\n<p>Creadores de varias provincias cubanas ya moldean barro en el torno, impregnan dibujos a las figuras y alistan esmaltes, entre otras acciones que se complementar\u00e1n con sesiones te\u00f3ricas, como parte de un programa donde la creaci\u00f3n es la invitada de lujo hasta el venidero d\u00eda 14 de septiembre.<\/p>\n<div id=\"attachment_53543\" style=\"width: 610px\" class=\"wp-caption aligncenter\"><img decoding=\"async\" aria-describedby=\"caption-attachment-53543\" class=\"size-medium wp-image-53543\" src=\"https:\/\/www.radiosanctispiritus.cu\/es\/wp-content\/uploads\/2-1-4-600x467.jpg\" alt=\"\" width=\"600\" height=\"467\" srcset=\"https:\/\/www.radiosanctispiritus.cu\/es\/wp-content\/uploads\/2-1-4-600x467.jpg 600w, https:\/\/www.radiosanctispiritus.cu\/es\/wp-content\/uploads\/2-1-4-1024x798.jpg 1024w, https:\/\/www.radiosanctispiritus.cu\/es\/wp-content\/uploads\/2-1-4-768x598.jpg 768w, https:\/\/www.radiosanctispiritus.cu\/es\/wp-content\/uploads\/2-1-4-1536x1197.jpg 1536w, https:\/\/www.radiosanctispiritus.cu\/es\/wp-content\/uploads\/2-1-4-2048x1595.jpg 2048w\" sizes=\"(max-width: 600px) 100vw, 600px\" \/><p id=\"caption-attachment-53543\" class=\"wp-caption-text\">Creadores de varias provincias cubanas ya moldean barro en el torno, impregnan dibujos a las figuras y alistan esmaltes.<\/p><\/div>\n<p>Alrededor de 40 creadores estar\u00e1n compartiendo haceres y saberes en la Bienal, dedicada al distinguido artista de la pl\u00e1stica Agust\u00edn Villafa\u00f1a y todo su legado y entre ellos estar\u00e1n presentes Yonier Powery Serrano y Jos\u00e9 Ignacio (Nacho) Cartagena, de Gran Caim\u00e1n y Canad\u00e1 respectivamente, quienes compartir\u00e1n sus experiencias con sus colegas cubanos en el evento.<\/p>\n<div id=\"attachment_53544\" style=\"width: 610px\" class=\"wp-caption aligncenter\"><img decoding=\"async\" aria-describedby=\"caption-attachment-53544\" class=\"size-medium wp-image-53544\" src=\"https:\/\/www.radiosanctispiritus.cu\/es\/wp-content\/uploads\/3-1-5-600x434.jpg\" alt=\"\" width=\"600\" height=\"434\" srcset=\"https:\/\/www.radiosanctispiritus.cu\/es\/wp-content\/uploads\/3-1-5-600x434.jpg 600w, https:\/\/www.radiosanctispiritus.cu\/es\/wp-content\/uploads\/3-1-5-1024x741.jpg 1024w, https:\/\/www.radiosanctispiritus.cu\/es\/wp-content\/uploads\/3-1-5-768x556.jpg 768w, https:\/\/www.radiosanctispiritus.cu\/es\/wp-content\/uploads\/3-1-5-1536x1112.jpg 1536w, https:\/\/www.radiosanctispiritus.cu\/es\/wp-content\/uploads\/3-1-5-2048x1483.jpg 2048w\" sizes=\"(max-width: 600px) 100vw, 600px\" \/><p id=\"caption-attachment-53544\" class=\"wp-caption-text\">La Bienal es un evento para compartir saberes.<\/p><\/div>\n<p>Al decir de F\u00e9lix Madrigal, promotor y anfitri\u00f3n de En_BarrArte anunci\u00f3, esta edici\u00f3n traspasar\u00e1 las paredes del taller Volumen y Espacio con la cer\u00e1mica como anfitriona y estar\u00e1 presente en distintos escenarios de la cultura como galer\u00edas de arte de Sancti Sp\u00edritus y Trinidad, la Biblioteca Provincial y el Museo de Arqueolog\u00eda trinitario.<\/p>\n<div id=\"attachment_53545\" style=\"width: 610px\" class=\"wp-caption aligncenter\"><img decoding=\"async\" aria-describedby=\"caption-attachment-53545\" class=\"size-medium wp-image-53545\" src=\"https:\/\/www.radiosanctispiritus.cu\/es\/wp-content\/uploads\/4-1-1-600x400.jpg\" alt=\"\" width=\"600\" height=\"400\" srcset=\"https:\/\/www.radiosanctispiritus.cu\/es\/wp-content\/uploads\/4-1-1-600x400.jpg 600w, https:\/\/www.radiosanctispiritus.cu\/es\/wp-content\/uploads\/4-1-1-1024x683.jpg 1024w, https:\/\/www.radiosanctispiritus.cu\/es\/wp-content\/uploads\/4-1-1-768x512.jpg 768w, https:\/\/www.radiosanctispiritus.cu\/es\/wp-content\/uploads\/4-1-1-1536x1024.jpg 1536w, https:\/\/www.radiosanctispiritus.cu\/es\/wp-content\/uploads\/4-1-1-2048x1365.jpg 2048w\" sizes=\"(max-width: 600px) 100vw, 600px\" \/><p id=\"caption-attachment-53545\" class=\"wp-caption-text\">Desde el barro se revela la creatividad.<\/p><\/div>\n<div id=\"attachment_53546\" style=\"width: 610px\" class=\"wp-caption aligncenter\"><img decoding=\"async\" aria-describedby=\"caption-attachment-53546\" class=\"size-medium wp-image-53546\" src=\"https:\/\/www.radiosanctispiritus.cu\/es\/wp-content\/uploads\/5-2-1-600x409.jpg\" alt=\"\" width=\"600\" height=\"409\" srcset=\"https:\/\/www.radiosanctispiritus.cu\/es\/wp-content\/uploads\/5-2-1-600x409.jpg 600w, https:\/\/www.radiosanctispiritus.cu\/es\/wp-content\/uploads\/5-2-1-1024x698.jpg 1024w, https:\/\/www.radiosanctispiritus.cu\/es\/wp-content\/uploads\/5-2-1-768x524.jpg 768w, https:\/\/www.radiosanctispiritus.cu\/es\/wp-content\/uploads\/5-2-1-1536x1048.jpg 1536w, https:\/\/www.radiosanctispiritus.cu\/es\/wp-content\/uploads\/5-2-1-2048x1397.jpg 2048w\" sizes=\"(max-width: 600px) 100vw, 600px\" \/><p id=\"caption-attachment-53546\" class=\"wp-caption-text\">As\u00ed se vivi\u00f3 la primera jornada de la Bienal.<\/p><\/div>\n<div id=\"attachment_53547\" style=\"width: 610px\" class=\"wp-caption aligncenter\"><img decoding=\"async\" aria-describedby=\"caption-attachment-53547\" class=\"size-medium wp-image-53547\" src=\"https:\/\/www.radiosanctispiritus.cu\/es\/wp-content\/uploads\/6-1-2-600x480.jpg\" alt=\"\" width=\"600\" height=\"480\" srcset=\"https:\/\/www.radiosanctispiritus.cu\/es\/wp-content\/uploads\/6-1-2-600x480.jpg 600w, https:\/\/www.radiosanctispiritus.cu\/es\/wp-content\/uploads\/6-1-2-1024x820.jpg 1024w, https:\/\/www.radiosanctispiritus.cu\/es\/wp-content\/uploads\/6-1-2-768x615.jpg 768w, https:\/\/www.radiosanctispiritus.cu\/es\/wp-content\/uploads\/6-1-2-1536x1229.jpg 1536w, https:\/\/www.radiosanctispiritus.cu\/es\/wp-content\/uploads\/6-1-2-2048x1639.jpg 2048w\" sizes=\"(max-width: 600px) 100vw, 600px\" \/><p id=\"caption-attachment-53547\" class=\"wp-caption-text\">En el evento se presentan diversas formas de hacer.<\/p><\/div>\n<div id=\"attachment_53548\" style=\"width: 610px\" class=\"wp-caption aligncenter\"><img decoding=\"async\" aria-describedby=\"caption-attachment-53548\" class=\"size-medium wp-image-53548\" src=\"https:\/\/www.radiosanctispiritus.cu\/es\/wp-content\/uploads\/7-1-1-600x545.jpg\" alt=\"\" width=\"600\" height=\"545\" srcset=\"https:\/\/www.radiosanctispiritus.cu\/es\/wp-content\/uploads\/7-1-1-600x545.jpg 600w, https:\/\/www.radiosanctispiritus.cu\/es\/wp-content\/uploads\/7-1-1-1024x930.jpg 1024w, https:\/\/www.radiosanctispiritus.cu\/es\/wp-content\/uploads\/7-1-1-768x698.jpg 768w, https:\/\/www.radiosanctispiritus.cu\/es\/wp-content\/uploads\/7-1-1-1536x1395.jpg 1536w, https:\/\/www.radiosanctispiritus.cu\/es\/wp-content\/uploads\/7-1-1-2048x1860.jpg 2048w\" sizes=\"(max-width: 600px) 100vw, 600px\" \/><p id=\"caption-attachment-53548\" class=\"wp-caption-text\">El barro, motivo mayor del evento.<\/p><\/div>\n<div id=\"attachment_53549\" style=\"width: 610px\" class=\"wp-caption aligncenter\"><img decoding=\"async\" aria-describedby=\"caption-attachment-53549\" class=\"size-medium wp-image-53549\" src=\"https:\/\/www.radiosanctispiritus.cu\/es\/wp-content\/uploads\/8-9-600x482.jpg\" alt=\"\" width=\"600\" height=\"482\" srcset=\"https:\/\/www.radiosanctispiritus.cu\/es\/wp-content\/uploads\/8-9-600x482.jpg 600w, https:\/\/www.radiosanctispiritus.cu\/es\/wp-content\/uploads\/8-9-1024x823.jpg 1024w, https:\/\/www.radiosanctispiritus.cu\/es\/wp-content\/uploads\/8-9-768x617.jpg 768w, https:\/\/www.radiosanctispiritus.cu\/es\/wp-content\/uploads\/8-9-1536x1235.jpg 1536w, https:\/\/www.radiosanctispiritus.cu\/es\/wp-content\/uploads\/8-9-2048x1647.jpg 2048w\" sizes=\"(max-width: 600px) 100vw, 600px\" \/><p id=\"caption-attachment-53549\" class=\"wp-caption-text\">Desde el torno se moldea la creaci\u00f3n.<\/p><\/div>\n","protected":false},"excerpt":{"rendered":"<p>La novena edici\u00f3n de la Bienal En_BarrArte, dedicada a la cer\u00e1mica art\u00edstica contempor\u00e1nea, con sede principal en el taller Volumen y Espacio, del escultor y ceramista espirituano F\u00e9lix Madrigal, promotor del evento, abri\u00f3 sus puertas en esta jornada.<\/p>\n","protected":false},"author":15,"featured_media":53542,"comment_status":"open","ping_status":"open","sticky":false,"template":"","format":"standard","meta":{"_acf_changed":false,"footnotes":""},"categories":[11,8,1170],"tags":[2014,2015],"coauthors":[1884],"class_list":["post-53538","post","type-post","status-publish","format-standard","has-post-thumbnail","hentry","category-fotorreportaje","category-noticia","category-turismo","tag-ceramica","tag-enbarrarte"],"acf":[],"_links":{"self":[{"href":"https:\/\/www.radiosanctispiritus.cu\/es\/wp-json\/wp\/v2\/posts\/53538","targetHints":{"allow":["GET"]}}],"collection":[{"href":"https:\/\/www.radiosanctispiritus.cu\/es\/wp-json\/wp\/v2\/posts"}],"about":[{"href":"https:\/\/www.radiosanctispiritus.cu\/es\/wp-json\/wp\/v2\/types\/post"}],"author":[{"embeddable":true,"href":"https:\/\/www.radiosanctispiritus.cu\/es\/wp-json\/wp\/v2\/users\/15"}],"replies":[{"embeddable":true,"href":"https:\/\/www.radiosanctispiritus.cu\/es\/wp-json\/wp\/v2\/comments?post=53538"}],"version-history":[{"count":5,"href":"https:\/\/www.radiosanctispiritus.cu\/es\/wp-json\/wp\/v2\/posts\/53538\/revisions"}],"predecessor-version":[{"id":53556,"href":"https:\/\/www.radiosanctispiritus.cu\/es\/wp-json\/wp\/v2\/posts\/53538\/revisions\/53556"}],"wp:featuredmedia":[{"embeddable":true,"href":"https:\/\/www.radiosanctispiritus.cu\/es\/wp-json\/wp\/v2\/media\/53542"}],"wp:attachment":[{"href":"https:\/\/www.radiosanctispiritus.cu\/es\/wp-json\/wp\/v2\/media?parent=53538"}],"wp:term":[{"taxonomy":"category","embeddable":true,"href":"https:\/\/www.radiosanctispiritus.cu\/es\/wp-json\/wp\/v2\/categories?post=53538"},{"taxonomy":"post_tag","embeddable":true,"href":"https:\/\/www.radiosanctispiritus.cu\/es\/wp-json\/wp\/v2\/tags?post=53538"},{"taxonomy":"author","embeddable":true,"href":"https:\/\/www.radiosanctispiritus.cu\/es\/wp-json\/wp\/v2\/coauthors?post=53538"}],"curies":[{"name":"wp","href":"https:\/\/api.w.org\/{rel}","templated":true}]}}