{"id":53518,"date":"2025-09-09T04:59:49","date_gmt":"2025-09-09T08:59:49","guid":{"rendered":"https:\/\/www.radiosanctispiritus.cu\/es\/?p=53518"},"modified":"2025-09-08T19:12:41","modified_gmt":"2025-09-08T23:12:41","slug":"accionan-en-sancti-spiritus-ante-incremento-de-casos-febriles-inespecificos","status":"publish","type":"post","link":"https:\/\/www.radiosanctispiritus.cu\/es\/accionan-en-sancti-spiritus-ante-incremento-de-casos-febriles-inespecificos\/","title":{"rendered":"Accionan en Sancti Sp\u00edritus ante incremento de casos febriles inespec\u00edficos"},"content":{"rendered":"<p>Ante el incremento de casos febriles inespec\u00edficos en Sancti Sp\u00edritus, las autoridades sanitarias mantienen la vigilancia epidemiol\u00f3gica y movilizan a los encargados de inspeccionar los hogares y centros laborales.<\/p>\n<p>As\u00ed lo refiere la doctora Yurien Negr\u00edn Calvo, subdirectora del Centro Provincial de Higiene, Epidemiolog\u00eda y Microbiolog\u00eda en la provincia.<\/p>\n<p>\u00abSe contin\u00faa realizando el focal, el trabajo que hace el operario de vector en todos los ciclos, en cada mes, la visita al hogar e identificando todos los riesgos que puedan haber en las viviendas, en los centros de trabajo, en los centros educacionales, seg\u00fan la disponibilidad de las fuerzas de trabajo y, por supuesto, dando prioridad a las \u00e1reas m\u00e1s complicadas dentro de Sancti Sp\u00edritus \u00c1rea Sur y en Trinidad el \u00c1rea 1, con el apoyo de las fuerzas de la EJT.<\/p>\n<p>\u00abSe mantienen tambi\u00e9n acciones de focal destructor, son acciones que se hacen desde grupos de trabajadores de la salud y de la propia comunidad en funci\u00f3n de eliminar todos los criaderos del vector.<\/p>\n<p>\u00abSe realiza la vigilancia de los s\u00edndromes febriles, el ingreso de ellos a trav\u00e9s del ingreso en el hogar, seg\u00fan las condiciones de su cuadro cl\u00ednico a la hora de tocar el sistema de salud o en hospitales, seg\u00fan la clasificaci\u00f3n de esta enfermedad que haga el m\u00e9dico de recepci\u00f3n.<\/p>\n<p>\u00abSe identifican todas las condiciones medioambientales, los riesgos ambientales que conllevan a la reproducci\u00f3n del vector y se solucionan con la participaci\u00f3n de la comunidad.<\/p>\n<p>\u00abImportante conocer que el trabajo entre todos y en la comunidad es de vital importancia y se hace imprescindible, por supuesto, la participaci\u00f3n de todos\u00bb.<\/p>\n","protected":false},"excerpt":{"rendered":"<p>Ante el incremento de casos febriles inespec\u00edficos en Sancti Sp\u00edritus, las autoridades sanitarias mantienen la vigilancia epidemiol\u00f3gica y movilizan a los encargados de inspeccionar los hogares y centros laborales.<\/p>\n","protected":false},"author":166,"featured_media":31944,"comment_status":"open","ping_status":"open","sticky":false,"template":"","format":"standard","meta":{"_acf_changed":false,"footnotes":""},"categories":[8,9,5,1],"tags":[82,943,24],"coauthors":[1901],"class_list":["post-53518","post","type-post","status-publish","format-standard","has-post-thumbnail","hentry","category-noticia","category-en-audio","category-salud","category-sancti-spiritus","tag-dengue","tag-higiene","tag-salud"],"acf":[],"_links":{"self":[{"href":"https:\/\/www.radiosanctispiritus.cu\/es\/wp-json\/wp\/v2\/posts\/53518","targetHints":{"allow":["GET"]}}],"collection":[{"href":"https:\/\/www.radiosanctispiritus.cu\/es\/wp-json\/wp\/v2\/posts"}],"about":[{"href":"https:\/\/www.radiosanctispiritus.cu\/es\/wp-json\/wp\/v2\/types\/post"}],"author":[{"embeddable":true,"href":"https:\/\/www.radiosanctispiritus.cu\/es\/wp-json\/wp\/v2\/users\/166"}],"replies":[{"embeddable":true,"href":"https:\/\/www.radiosanctispiritus.cu\/es\/wp-json\/wp\/v2\/comments?post=53518"}],"version-history":[{"count":2,"href":"https:\/\/www.radiosanctispiritus.cu\/es\/wp-json\/wp\/v2\/posts\/53518\/revisions"}],"predecessor-version":[{"id":53520,"href":"https:\/\/www.radiosanctispiritus.cu\/es\/wp-json\/wp\/v2\/posts\/53518\/revisions\/53520"}],"wp:featuredmedia":[{"embeddable":true,"href":"https:\/\/www.radiosanctispiritus.cu\/es\/wp-json\/wp\/v2\/media\/31944"}],"wp:attachment":[{"href":"https:\/\/www.radiosanctispiritus.cu\/es\/wp-json\/wp\/v2\/media?parent=53518"}],"wp:term":[{"taxonomy":"category","embeddable":true,"href":"https:\/\/www.radiosanctispiritus.cu\/es\/wp-json\/wp\/v2\/categories?post=53518"},{"taxonomy":"post_tag","embeddable":true,"href":"https:\/\/www.radiosanctispiritus.cu\/es\/wp-json\/wp\/v2\/tags?post=53518"},{"taxonomy":"author","embeddable":true,"href":"https:\/\/www.radiosanctispiritus.cu\/es\/wp-json\/wp\/v2\/coauthors?post=53518"}],"curies":[{"name":"wp","href":"https:\/\/api.w.org\/{rel}","templated":true}]}}