{"id":53477,"date":"2025-09-08T03:30:48","date_gmt":"2025-09-08T07:30:48","guid":{"rendered":"https:\/\/www.radiosanctispiritus.cu\/es\/?p=53477"},"modified":"2025-09-08T09:49:41","modified_gmt":"2025-09-08T13:49:41","slug":"cubanos-celebran-a-la-virgen-de-la-caridad-del-cobre-patrona-de-cuba","status":"publish","type":"post","link":"https:\/\/www.radiosanctispiritus.cu\/es\/cubanos-celebran-a-la-virgen-de-la-caridad-del-cobre-patrona-de-cuba\/","title":{"rendered":"Cubanos celebran a la Virgen de la Caridad del Cobre, Patrona de Cuba"},"content":{"rendered":"<p>Los cubanos celebran este 8 de septiembre a la Virgen de la Caridad del Cobre, Patrona de Cuba, un solemne nombramiento proclamado por el papa Benedicto XV en 1916, a petici\u00f3n de los veteranos de la Guerra de Independencia.<\/p>\n<p>El santo padre P\u00edo XI autoriz\u00f3 la coronaci\u00f3n can\u00f3nica de la sagrada imagen y en la ma\u00f1ana del 20 de diciembre de 1936 se realiz\u00f3 la ceremonia por el entonces obispo de Santiago de Cuba, Monse\u00f1or Valent\u00edn Zubizarreta.<\/p>\n<p>Posteriormente en homenaje al pueblo de Cuba durante su visita a la isla en 1998, San Juan Pablo II coron\u00f3 y bendijo la imagen de la Patrona de Cuba durante la tercera misa oficiada aqu\u00ed, la cual se celebr\u00f3 en la Plaza Antonio Maceo de la ciudad de Santiago de Cuba.<\/p>\n<p>Este papa llam\u00f3 a no olvidar nunca los grandes acontecimientos relacionados con la Caridad y record\u00f3 el lugar singular que en la misi\u00f3n de la iglesia ocupa la Virgen Mar\u00eda, de la cual el propio San Juan Pablo II era devoto.<\/p>\n<p>La festividad de la imagen se conmemora el 8 de septiembre, nacimiento y natividad de la Virgen Mar\u00eda. Tambi\u00e9n la llaman Nuestra Se\u00f1ora de la Caridad del Cobre o simplemente Cachita.<\/p>\n<p>Seg\u00fan recuentos de la \u00e9poca, este icono apareci\u00f3 en 1612, o a principios del 1613, en la Bah\u00eda de Nipe, la mayor de la isla, y fue avistada por tres hombres: un muchacho negro de 10 a\u00f1os (Juan Moreno) y dos hermanos de pura sangre india (Juan y Rodrigo de Hoyos), quienes trabajaban como esclavos en las minas de cobre de la regi\u00f3n. El tr\u00edo qued\u00f3 bautizado en la imaginer\u00eda cubana como \u201clos tres Juanes\u201d.<\/p>\n<p>Los j\u00f3venes que fueron a buscar sal, divisaron la imagen de la Virgen con el Ni\u00f1o Jes\u00fas en brazos -la misma objeto de veneraci\u00f3n por los cubanos- acerc\u00e1ndose flotando en una tabla y en ella pod\u00eda leerse la frase \u201cYo soy la Virgen de la Caridad\u201d.<\/p>\n<p>Actualmente los visitantes al santuario suelen volver a sus hogares con diminutas piedras en las cuales brilla el cobre de la mina y se dice que quienes las conservan poseen una especial protecci\u00f3n y un noble futuro en lo personal y familiar.<\/p>\n<p>La Bas\u00edlica Santuario Nacional de Nuestra Se\u00f1ora de la Caridad del Cobre es uno de los sitios religiosos m\u00e1s venerados por el pueblo cubano; llegados de diferentes territorios de la naci\u00f3n, los fieles buscan en la Patrona de Cuba el consuelo espiritual, la soluci\u00f3n de sus anhelos y problemas que afectan al ser humano.<\/p>\n<p>Esta capilla se inaugur\u00f3 el 8 de septiembre de 1927 y tiene un altar de plata maciza y otros objetos ornamentales de gran valor.<\/p>\n<p>Debajo del Camar\u00edn de la Virgen se encuentra la denominada Capilla de los Milagros, donde los creyentes depositan dis\u00edmiles ofrendas, como joyas de oro y piedras preciosas, amuletos, entre otros objetos de valor, y unas 500 personas acuden al lugar cada d\u00eda.<\/p>\n<p>El Premio Nobel de Literatura Ernest Hemingway entreg\u00f3 la medalla que le otorg\u00f3 tan alta condecoraci\u00f3n a la venerada Patrona de Cuba y se\u00f1al\u00f3 este acto como reconocimiento al pueblo cubano, inspirador de su obra \u201cEl viejo y el mar\u201d, por el cual recibi\u00f3 el m\u00e1ximo galard\u00f3n de la literatura en Estocolmo.<\/p>\n<p>Oshun, orisha de la religi\u00f3n afrocubana de origen yoruba venerada en la santer\u00eda, se sincretiza con la Virgen de la Caridad del Cobre.<\/p>\n<p>Esta deidad tra\u00edda desde \u00c1frica reina las aguas dulces, los arroyos, manantiales y r\u00edos.<\/p>\n<p>La fiesta de la Virgen de la Caridad del Cobre y la celebraci\u00f3n de Oshun se celebran en Cuba el 8 de septiembre bajo un mismo festejo, con motivo de la transculturaci\u00f3n y sincretismo religioso entre la religi\u00f3n cat\u00f3lica y la yoruba que sucedi\u00f3 en la poblaci\u00f3n cubana.<\/p>\n","protected":false},"excerpt":{"rendered":"<p>Los cubanos celebran este 8 de septiembre a la Virgen de la Caridad del Cobre, Patrona de Cuba, un solemne nombramiento proclamado por el papa Benedicto XV en 1916, a petici\u00f3n de los veteranos de la Guerra de Independencia.<\/p>\n","protected":false},"author":22,"featured_media":53478,"comment_status":"open","ping_status":"open","sticky":false,"template":"","format":"standard","meta":{"_acf_changed":false,"footnotes":""},"categories":[8,3],"tags":[629,556,2013],"coauthors":[1882],"class_list":["post-53477","post","type-post","status-publish","format-standard","has-post-thumbnail","hentry","category-noticia","category-cuba","tag-cuba-religion","tag-religion","tag-virgen-de-la-caridad"],"acf":[],"_links":{"self":[{"href":"https:\/\/www.radiosanctispiritus.cu\/es\/wp-json\/wp\/v2\/posts\/53477","targetHints":{"allow":["GET"]}}],"collection":[{"href":"https:\/\/www.radiosanctispiritus.cu\/es\/wp-json\/wp\/v2\/posts"}],"about":[{"href":"https:\/\/www.radiosanctispiritus.cu\/es\/wp-json\/wp\/v2\/types\/post"}],"author":[{"embeddable":true,"href":"https:\/\/www.radiosanctispiritus.cu\/es\/wp-json\/wp\/v2\/users\/22"}],"replies":[{"embeddable":true,"href":"https:\/\/www.radiosanctispiritus.cu\/es\/wp-json\/wp\/v2\/comments?post=53477"}],"version-history":[{"count":0,"href":"https:\/\/www.radiosanctispiritus.cu\/es\/wp-json\/wp\/v2\/posts\/53477\/revisions"}],"wp:featuredmedia":[{"embeddable":true,"href":"https:\/\/www.radiosanctispiritus.cu\/es\/wp-json\/wp\/v2\/media\/53478"}],"wp:attachment":[{"href":"https:\/\/www.radiosanctispiritus.cu\/es\/wp-json\/wp\/v2\/media?parent=53477"}],"wp:term":[{"taxonomy":"category","embeddable":true,"href":"https:\/\/www.radiosanctispiritus.cu\/es\/wp-json\/wp\/v2\/categories?post=53477"},{"taxonomy":"post_tag","embeddable":true,"href":"https:\/\/www.radiosanctispiritus.cu\/es\/wp-json\/wp\/v2\/tags?post=53477"},{"taxonomy":"author","embeddable":true,"href":"https:\/\/www.radiosanctispiritus.cu\/es\/wp-json\/wp\/v2\/coauthors?post=53477"}],"curies":[{"name":"wp","href":"https:\/\/api.w.org\/{rel}","templated":true}]}}