{"id":53440,"date":"2025-09-08T04:41:46","date_gmt":"2025-09-08T08:41:46","guid":{"rendered":"https:\/\/www.radiosanctispiritus.cu\/es\/?p=53440"},"modified":"2025-09-08T09:44:59","modified_gmt":"2025-09-08T13:44:59","slug":"doce-plantas-el-peso-de-vivir-juntos","status":"publish","type":"post","link":"https:\/\/www.radiosanctispiritus.cu\/es\/doce-plantas-el-peso-de-vivir-juntos\/","title":{"rendered":"Doce Plantas: el peso de vivir juntos"},"content":{"rendered":"<p>Con doce plantas, 138 apartamentos y cientos de habitantes, el edificio sigue siendo el m\u00e1s alto y simb\u00f3lico de Sancti Sp\u00edritus. Desde 1986, se alza como un barrio vertical donde conviven familias, adultos mayores, j\u00f3venes y ni\u00f1os. Un edificio construido con prisa para las conmemoraciones del 26 de julio, cuando la ciudad asumi\u00f3 la sede de importantes actos nacionales. Fue un logro de su tiempo. Hoy es un espejo de nuestro presente.<\/p>\n<p>Recientemente, una obstrucci\u00f3n en el sistema hidrosanitario sacudi\u00f3 la vida diaria del edificio. Durante d\u00edas, el desag\u00fce fall\u00f3. No fue un problema menor. Requiri\u00f3 la intervenci\u00f3n de un carro cisterna para destapar la tuber\u00eda principal. Lo que encontraron no fue solo sedimento natural, sino fragmentos de frazadas de trapeador, pedazos de carb\u00f3n, arena y residuos que jam\u00e1s debieron entrar en una red sanitaria. Elementos arrojados por manos que no miden las consecuencias.<\/p>\n<p>Este edificio no se derrumba solo por el paso del tiempo. Se desgasta tambi\u00e9n por el descuido cotidiano. Sus tuber\u00edas de hierro, instaladas hace casi cuarenta a\u00f1os, ya est\u00e1n cansadas. Necesitan mantenimiento. La cisterna y los tanques elevados requieren limpieza peri\u00f3dica. Pero esas tareas, seg\u00fan las normas de convivencia, no dependen solo del Estado: dependen de los vecinos, de turnos organizados, de compromiso colectivo, y esos turnos no existen. Esa organizaci\u00f3n no funciona.<\/p>\n<p>Rufina Edith D\u00edaz Rojas, administradora del edificio, lo dice con firmeza: esto no se resuelve con maquinaria: se resuelve con conciencia, con la decisi\u00f3n de entender que este edificio no es un conjunto de apartamentos aislados, sino un hogar com\u00fan. Que lo que sucede en una tuber\u00eda, en un pasillo, en un patio, afecta a todos.<\/p>\n<p>En los alrededores del edificio, la basura se acumula. Bolsas mal cerradas, papeles volando, excremento de perros. Peque\u00f1os actos de indiferencia que, sumados, convierten el entorno en un espacio inh\u00f3spito y, sin embargo, basta un gesto sencillo como bajar la basura en una bolsa cerrada, recoger lo que el perro deja, no arrojar nada desde el balc\u00f3n, para cambiarlo todo.<\/p>\n<p>Aqu\u00ed viven 92 personas mayores de 60 a\u00f1os. Treinta y dos padecen enfermedades cr\u00f3nicas. Para ellos, el agua limpia, los desag\u00fces funcionales, un entorno sin malos olores ni roedores, no son comodidades, sino condiciones m\u00ednimas de dignidad. Cada falla en el sistema, cada semana sin ascensor, cada d\u00eda con basura en el patio, les arrebata tranquilidad, salud, autonom\u00eda.<\/p>\n<p>Claro que el Estado tiene responsabilidades y as\u00ed lo confirma la direcci\u00f3n municipal de la vivienda:debe intervenir, debe reparar, debe garantizar servicios. Pero tambi\u00e9n es cierto que ninguna instituci\u00f3n puede mantener un edificio si quienes lo habitan no colaboran. No se trata de echar culpas. Se trata de asumir que la convivencia no se mantiene sola. Que el orden no nace del vac\u00edo. Que la limpieza no es solo tarea del que barre, sino de quien no ensucia.<\/p>\n<p>Cuidar este edificio no empieza con una orden. Empieza con una decisi\u00f3n compartida, con una reuni\u00f3n vecinal, con un plan escrito, con el simple acuerdo de que, aunque cada uno tenga su puerta, el edificio es uno solo. Y si no lo cuidamos entre todos, nadie podr\u00e1 salvarlo por nosotros.<\/p>\n<p>El Doce Plantas fue un s\u00edmbolo de progreso; puede seguir si\u00e9ndolo, pero solo si sus habitantes deciden que el bienestar colectivo tambi\u00e9n es una prioridad personal porque, cuando el sistema se atasca, no son solo las tuber\u00edas las que fallan: es la convivencia la que se pone a prueba. Y de eso, todos somos responsables.<\/p>\n<p><iframe src=\"https:\/\/www.ivoox.com\/player_ej_157090852_6_1.html?c1=7a0d0b\" width=\"100%\" height=\"200\" frameborder=\"0\" scrolling=\"no\" allowfullscreen=\"allowfullscreen\"><\/iframe><\/p>\n","protected":false},"excerpt":{"rendered":"<p>El Doce Plantas fue un s\u00edmbolo de progreso; puede seguir si\u00e9ndolo, pero solo si sus habitantes deciden que el bienestar colectivo tambi\u00e9n es una prioridad personal.<\/p>\n","protected":false},"author":192,"featured_media":53441,"comment_status":"open","ping_status":"open","sticky":false,"template":"","format":"standard","meta":{"_acf_changed":false,"footnotes":""},"categories":[8,9,1],"tags":[1632,138],"coauthors":[1986],"class_list":["post-53440","post","type-post","status-publish","format-standard","has-post-thumbnail","hentry","category-noticia","category-en-audio","category-sancti-spiritus","tag-ordenamiento-urbano","tag-vivienda"],"acf":[],"_links":{"self":[{"href":"https:\/\/www.radiosanctispiritus.cu\/es\/wp-json\/wp\/v2\/posts\/53440","targetHints":{"allow":["GET"]}}],"collection":[{"href":"https:\/\/www.radiosanctispiritus.cu\/es\/wp-json\/wp\/v2\/posts"}],"about":[{"href":"https:\/\/www.radiosanctispiritus.cu\/es\/wp-json\/wp\/v2\/types\/post"}],"author":[{"embeddable":true,"href":"https:\/\/www.radiosanctispiritus.cu\/es\/wp-json\/wp\/v2\/users\/192"}],"replies":[{"embeddable":true,"href":"https:\/\/www.radiosanctispiritus.cu\/es\/wp-json\/wp\/v2\/comments?post=53440"}],"version-history":[{"count":0,"href":"https:\/\/www.radiosanctispiritus.cu\/es\/wp-json\/wp\/v2\/posts\/53440\/revisions"}],"wp:featuredmedia":[{"embeddable":true,"href":"https:\/\/www.radiosanctispiritus.cu\/es\/wp-json\/wp\/v2\/media\/53441"}],"wp:attachment":[{"href":"https:\/\/www.radiosanctispiritus.cu\/es\/wp-json\/wp\/v2\/media?parent=53440"}],"wp:term":[{"taxonomy":"category","embeddable":true,"href":"https:\/\/www.radiosanctispiritus.cu\/es\/wp-json\/wp\/v2\/categories?post=53440"},{"taxonomy":"post_tag","embeddable":true,"href":"https:\/\/www.radiosanctispiritus.cu\/es\/wp-json\/wp\/v2\/tags?post=53440"},{"taxonomy":"author","embeddable":true,"href":"https:\/\/www.radiosanctispiritus.cu\/es\/wp-json\/wp\/v2\/coauthors?post=53440"}],"curies":[{"name":"wp","href":"https:\/\/api.w.org\/{rel}","templated":true}]}}